{"id":12575,"date":"2018-11-28T23:18:21","date_gmt":"2018-11-28T21:18:21","guid":{"rendered":"https:\/\/elenarobu.md\/?p=12575"},"modified":"2020-02-05T11:24:45","modified_gmt":"2020-02-05T09:24:45","slug":"video-andrezieux-boutheon-france-ungheni-moldavie-un-partenariat-durable","status":"publish","type":"post","link":"https:\/\/www.elenarobu.md\/fr\/video-andrezieux-boutheon-france-ungheni-moldavie-un-partenariat-durable\/","title":{"rendered":"(VIDEO) Andr\u00e9zieux-Bouth\u00e9on (France) &#8211; Ungheni (Moldavie): Un partenariat durable"},"content":{"rendered":"<p>Il y a deux ans, Ungheni, une ville de Moldavie \u00e0 c\u00f4t\u00e9 de la fronti\u00e8re roumaine et Andr\u00e9zieux-Bouth\u00e9on, une ville de pr\u00e8s de 10 000 habitants situ\u00e9e pr\u00e8s de Saint-\u00c9tienne, ont sign\u00e9 un accord de partenariat.<\/p>\n<p>Apr\u00e8s la visite d\u2019une d\u00e9l\u00e9gation d\u2019Andr\u00e9zieux-Bouth\u00e9on \u00e0 Ungheni, c\u2019\u00e9tait \u00e9galement le tour pour d\u00e9l\u00e9gation d\u2019Ungheni de visiter la ville avec laquelle elle dans un partenariat.<\/p>\n<p><img loading=\"lazy\" decoding=\"async\" class=\"alignnone wp-image-12512 size-full\" style=\"font-size: 14px; font-family: 'Open Sans', Arial, sans-serif;\" src=\"https:\/\/elenarobu.md\/wp-content\/uploads\/2018\/11\/delegatie.png\" alt=\"\" width=\"965\" height=\"426\" srcset=\"https:\/\/www.elenarobu.md\/wp-content\/uploads\/2018\/11\/delegatie.png 965w, https:\/\/www.elenarobu.md\/wp-content\/uploads\/2018\/11\/delegatie-300x132.png 300w, https:\/\/www.elenarobu.md\/wp-content\/uploads\/2018\/11\/delegatie-768x339.png 768w\" sizes=\"auto, (max-width: 965px) 100vw, 965px\" \/><\/p>\n<p><img loading=\"lazy\" decoding=\"async\" class=\"alignnone wp-image-12515 size-full\" src=\"https:\/\/elenarobu.md\/wp-content\/uploads\/2018\/11\/delegatie-ungheni.png\" alt=\"\" width=\"684\" height=\"368\" srcset=\"https:\/\/www.elenarobu.md\/wp-content\/uploads\/2018\/11\/delegatie-ungheni.png 684w, https:\/\/www.elenarobu.md\/wp-content\/uploads\/2018\/11\/delegatie-ungheni-300x161.png 300w\" sizes=\"auto, (max-width: 684px) 100vw, 684px\" \/><\/p>\n<p>Martine Crawford, pr\u00e9sidente d\u2019Andr\u00e9zieux-Bouth\u00e9on partenariat : \u00ab Avant de signer ce partenariat, nous avons rencontre en 2013 l\u2019ambassadeur de Moldavie en France. Comme j\u2019ai \u00e9t\u00e9 \u00e9lue \u00e0 l\u2019\u00e9poque adjointe \u00e0 la culture, ils sont venus me voir \u00e0 la mairie. Et avec le maire d\u2019Andr\u00e9zieux-Bouth\u00e9on nous avons d\u00e9cid\u00e9 de poursuivre cette recherche d\u2019un partenariat avec une ville moldave. Tr\u00e8s rapidement le nom de ville Ungheni nous a \u00e9t\u00e9 donn\u00e9.<\/p>\n<p><img loading=\"lazy\" decoding=\"async\" class=\"alignleft wp-image-12578 size-full\" src=\"https:\/\/elenarobu.md\/wp-content\/uploads\/2018\/11\/martine-moldavie.png\" alt=\"\" width=\"858\" height=\"412\" srcset=\"https:\/\/www.elenarobu.md\/wp-content\/uploads\/2018\/11\/martine-moldavie.png 858w, https:\/\/www.elenarobu.md\/wp-content\/uploads\/2018\/11\/martine-moldavie-300x144.png 300w, https:\/\/www.elenarobu.md\/wp-content\/uploads\/2018\/11\/martine-moldavie-768x369.png 768w\" sizes=\"auto, (max-width: 858px) 100vw, 858px\" \/><\/p>\n<p>Les projets sont bien s\u00fbr des \u00e9changes, je crois \u00e9norm\u00e9ment dans les \u00e9changes scolaires. Je suis en rapport tr\u00e8s \u00e9troit avec le Lyc\u00e9e \u00ab Vasile Alecsandri \u00bb d\u2019Ungheni et nous avons contact\u00e9 \u00e9galement le Lyc\u00e9e d\u2019Andr\u00e9zieux-Bouth\u00e9on. Donc, les professeurs fran\u00e7ais sont pr\u00eats a tisser les liens avec le Lyc\u00e9e d\u2019Ungheni.<\/p>\n<p>Je trouve que Moldavie c\u2019est un pays magnifique. Bien s\u00fbr il y a beaucoup de choses \u00e0 faire. Mais c\u2019est un pays o\u00f9 il y a un potentiel culturel et touristique extr\u00eamement important. Et les moldaves sont extr\u00eamement accueillants. Nous avons toujours \u00e9t\u00e9 re\u00e7u les bras ouverts \u00bb, a-t-elle d\u00e9clar\u00e9 sur www.elenarobu.md\/fr<\/p>\n<p>L&rsquo;interview vid\u00e9o tout de suite :<\/p>\n<p><iframe loading=\"lazy\" title=\"Andrezieux Boutheon partenariat avec Ungheni\" width=\"1170\" height=\"658\" src=\"https:\/\/www.youtube.com\/embed\/9ypsfgE1Ghw?wmode=transparent&amp;rel=0&amp;feature=oembed\" frameborder=\"0\" allow=\"accelerometer; autoplay; encrypted-media; gyroscope; picture-in-picture\" allowfullscreen><\/iframe><\/p>\n<p>Adjoint au maire d\u2019Ungheni, Eduard Balan, qui a dirig\u00e9 la d\u00e9l\u00e9gation, esp\u00e8re coop\u00e9rer avec la ville fran\u00e7aise, notamment en ce qui concerne le d\u00e9veloppement du tourisme \u00e0 Ungheni.<\/p>\n<p><img loading=\"lazy\" decoding=\"async\" class=\"alignnone wp-image-12511 size-full\" src=\"https:\/\/elenarobu.md\/wp-content\/uploads\/2018\/11\/primarul-din-ungheni-crop.png\" alt=\"\" width=\"774\" height=\"372\" srcset=\"https:\/\/www.elenarobu.md\/wp-content\/uploads\/2018\/11\/primarul-din-ungheni-crop.png 774w, https:\/\/www.elenarobu.md\/wp-content\/uploads\/2018\/11\/primarul-din-ungheni-crop-300x144.png 300w, https:\/\/www.elenarobu.md\/wp-content\/uploads\/2018\/11\/primarul-din-ungheni-crop-768x369.png 768w, https:\/\/www.elenarobu.md\/wp-content\/uploads\/2018\/11\/primarul-din-ungheni-crop-702x336.png 702w\" sizes=\"auto, (max-width: 774px) 100vw, 774px\" \/><\/p>\n<p>Le pont Eiffel, con\u00e7u et construit par Gustave Eiffel, cr\u00e9ateur de la Tour Eiffel \u00e0 Paris, servira de point d\u2019attraction touristique \u00e0 Ungheni. Le pont Eiffel sur la rivi\u00e8re Prout d\u2019Ungheni a \u00e9t\u00e9 construit entre 1876 et 1877.<\/p>\n<p><img loading=\"lazy\" decoding=\"async\" class=\"alignnone wp-image-12506 size-full\" src=\"https:\/\/elenarobu.md\/wp-content\/uploads\/2018\/11\/podul-eiffel-ungheni.jpg\" alt=\"\" width=\"3236\" height=\"1800\" srcset=\"https:\/\/www.elenarobu.md\/wp-content\/uploads\/2018\/11\/podul-eiffel-ungheni.jpg 3236w, https:\/\/www.elenarobu.md\/wp-content\/uploads\/2018\/11\/podul-eiffel-ungheni-300x167.jpg 300w, https:\/\/www.elenarobu.md\/wp-content\/uploads\/2018\/11\/podul-eiffel-ungheni-768x427.jpg 768w, https:\/\/www.elenarobu.md\/wp-content\/uploads\/2018\/11\/podul-eiffel-ungheni-1024x570.jpg 1024w\" sizes=\"auto, (max-width: 3236px) 100vw, 3236px\" \/><\/p>\n<p>&nbsp;<\/p>\n<p>&nbsp;<\/p>\n<p>&nbsp;<\/p>\n","protected":false},"excerpt":{"rendered":"<p>Il y a deux ans, Ungheni, une ville de Moldavie \u00e0 c\u00f4t\u00e9 de la fronti\u00e8re roumaine et Andr\u00e9zieux-Bouth\u00e9on, une ville de pr\u00e8s de 10 000 habitants situ\u00e9e pr\u00e8s de Saint-\u00c9tienne, ont sign\u00e9 un accord de partenariat. Apr\u00e8s la visite d\u2019une d\u00e9l\u00e9gation d\u2019Andr\u00e9zieux-Bouth\u00e9on \u00e0 Ungheni, c\u2019\u00e9tait \u00e9galement le tour pour d\u00e9l\u00e9gation d\u2019Ungheni de visiter la ville [&hellip;]<\/p>\n","protected":false},"author":2,"featured_media":12578,"comment_status":"open","ping_status":"open","sticky":false,"template":"","format":"standard","meta":{"footnotes":""},"categories":[4589,1245,4581],"tags":[],"class_list":["post-12575","post","type-post","status-publish","format-standard","has-post-thumbnail","hentry","category-moldavie","category-moldavie-france","category-video-fr"],"yoast_head":"<!-- This site is optimized with the Yoast SEO plugin v27.4 - https:\/\/yoast.com\/product\/yoast-seo-wordpress\/ -->\n<title>(VIDEO) Andr\u00e9zieux-Bouth\u00e9on (France) - Ungheni (Moldavie): Un partenariat durable - ER News<\/title>\n<meta name=\"robots\" content=\"index, follow, max-snippet:-1, max-image-preview:large, max-video-preview:-1\" \/>\n<link rel=\"canonical\" href=\"https:\/\/www.elenarobu.md\/fr\/video-andrezieux-boutheon-france-ungheni-moldavie-un-partenariat-durable\/\" \/>\n<meta property=\"og:locale\" content=\"fr_FR\" \/>\n<meta property=\"og:type\" content=\"article\" \/>\n<meta property=\"og:title\" content=\"(VIDEO) Andr\u00e9zieux-Bouth\u00e9on (France) - Ungheni (Moldavie): Un partenariat durable - ER News\" \/>\n<meta property=\"og:description\" content=\"Il y a deux ans, Ungheni, une ville de Moldavie \u00e0 c\u00f4t\u00e9 de la fronti\u00e8re roumaine et Andr\u00e9zieux-Bouth\u00e9on, une ville de pr\u00e8s de 10 000 habitants situ\u00e9e pr\u00e8s de Saint-\u00c9tienne, ont sign\u00e9 un accord de partenariat. Apr\u00e8s la visite d\u2019une d\u00e9l\u00e9gation d\u2019Andr\u00e9zieux-Bouth\u00e9on \u00e0 Ungheni, c\u2019\u00e9tait \u00e9galement le tour pour d\u00e9l\u00e9gation d\u2019Ungheni de visiter la ville [&hellip;]\" \/>\n<meta property=\"og:url\" content=\"https:\/\/www.elenarobu.md\/fr\/video-andrezieux-boutheon-france-ungheni-moldavie-un-partenariat-durable\/\" \/>\n<meta property=\"og:site_name\" content=\"ER News\" \/>\n<meta property=\"article:publisher\" content=\"https:\/\/www.facebook.com\/elenarobublog\/\" \/>\n<meta property=\"article:published_time\" content=\"2018-11-28T21:18:21+00:00\" \/>\n<meta property=\"article:modified_time\" content=\"2020-02-05T09:24:45+00:00\" \/>\n<meta property=\"og:image\" content=\"https:\/\/www.elenarobu.md\/wp-content\/uploads\/2018\/11\/martine-moldavie.png\" \/>\n\t<meta property=\"og:image:width\" content=\"858\" \/>\n\t<meta property=\"og:image:height\" content=\"412\" \/>\n\t<meta property=\"og:image:type\" content=\"image\/png\" \/>\n<meta name=\"author\" content=\"Elena Robu\" \/>\n<meta name=\"twitter:card\" content=\"summary_large_image\" \/>\n<meta name=\"twitter:label1\" content=\"\u00c9crit par\" \/>\n\t<meta name=\"twitter:data1\" content=\"Elena Robu\" \/>\n\t<meta name=\"twitter:label2\" content=\"Dur\u00e9e de lecture estim\u00e9e\" \/>\n\t<meta name=\"twitter:data2\" content=\"2 minutes\" \/>\n<script type=\"application\/ld+json\" class=\"yoast-schema-graph\">{\"@context\":\"https:\\\/\\\/schema.org\",\"@graph\":[{\"@type\":\"Article\",\"@id\":\"https:\\\/\\\/www.elenarobu.md\\\/fr\\\/video-andrezieux-boutheon-france-ungheni-moldavie-un-partenariat-durable\\\/#article\",\"isPartOf\":{\"@id\":\"https:\\\/\\\/www.elenarobu.md\\\/fr\\\/video-andrezieux-boutheon-france-ungheni-moldavie-un-partenariat-durable\\\/\"},\"author\":{\"name\":\"Elena Robu\",\"@id\":\"https:\\\/\\\/www.elenarobu.md\\\/#\\\/schema\\\/person\\\/9177a589bcd326ddc335da2e8942e9c4\"},\"headline\":\"(VIDEO) Andr\u00e9zieux-Bouth\u00e9on (France) &#8211; Ungheni (Moldavie): Un partenariat durable\",\"datePublished\":\"2018-11-28T21:18:21+00:00\",\"dateModified\":\"2020-02-05T09:24:45+00:00\",\"mainEntityOfPage\":{\"@id\":\"https:\\\/\\\/www.elenarobu.md\\\/fr\\\/video-andrezieux-boutheon-france-ungheni-moldavie-un-partenariat-durable\\\/\"},\"wordCount\":375,\"commentCount\":0,\"publisher\":{\"@id\":\"https:\\\/\\\/www.elenarobu.md\\\/#organization\"},\"image\":{\"@id\":\"https:\\\/\\\/www.elenarobu.md\\\/fr\\\/video-andrezieux-boutheon-france-ungheni-moldavie-un-partenariat-durable\\\/#primaryimage\"},\"thumbnailUrl\":\"https:\\\/\\\/www.elenarobu.md\\\/wp-content\\\/uploads\\\/2018\\\/11\\\/martine-moldavie.png\",\"articleSection\":[\"Moldavie\",\"MOLDAVIE - FRANCE\",\"Vid\u00e9o\"],\"inLanguage\":\"fr-FR\",\"potentialAction\":[{\"@type\":\"CommentAction\",\"name\":\"Comment\",\"target\":[\"https:\\\/\\\/www.elenarobu.md\\\/fr\\\/video-andrezieux-boutheon-france-ungheni-moldavie-un-partenariat-durable\\\/#respond\"]}]},{\"@type\":\"WebPage\",\"@id\":\"https:\\\/\\\/www.elenarobu.md\\\/fr\\\/video-andrezieux-boutheon-france-ungheni-moldavie-un-partenariat-durable\\\/\",\"url\":\"https:\\\/\\\/www.elenarobu.md\\\/fr\\\/video-andrezieux-boutheon-france-ungheni-moldavie-un-partenariat-durable\\\/\",\"name\":\"(VIDEO) Andr\u00e9zieux-Bouth\u00e9on (France) - Ungheni (Moldavie): Un partenariat durable - ER News\",\"isPartOf\":{\"@id\":\"https:\\\/\\\/www.elenarobu.md\\\/#website\"},\"primaryImageOfPage\":{\"@id\":\"https:\\\/\\\/www.elenarobu.md\\\/fr\\\/video-andrezieux-boutheon-france-ungheni-moldavie-un-partenariat-durable\\\/#primaryimage\"},\"image\":{\"@id\":\"https:\\\/\\\/www.elenarobu.md\\\/fr\\\/video-andrezieux-boutheon-france-ungheni-moldavie-un-partenariat-durable\\\/#primaryimage\"},\"thumbnailUrl\":\"https:\\\/\\\/www.elenarobu.md\\\/wp-content\\\/uploads\\\/2018\\\/11\\\/martine-moldavie.png\",\"datePublished\":\"2018-11-28T21:18:21+00:00\",\"dateModified\":\"2020-02-05T09:24:45+00:00\",\"breadcrumb\":{\"@id\":\"https:\\\/\\\/www.elenarobu.md\\\/fr\\\/video-andrezieux-boutheon-france-ungheni-moldavie-un-partenariat-durable\\\/#breadcrumb\"},\"inLanguage\":\"fr-FR\",\"potentialAction\":[{\"@type\":\"ReadAction\",\"target\":[\"https:\\\/\\\/www.elenarobu.md\\\/fr\\\/video-andrezieux-boutheon-france-ungheni-moldavie-un-partenariat-durable\\\/\"]}]},{\"@type\":\"ImageObject\",\"inLanguage\":\"fr-FR\",\"@id\":\"https:\\\/\\\/www.elenarobu.md\\\/fr\\\/video-andrezieux-boutheon-france-ungheni-moldavie-un-partenariat-durable\\\/#primaryimage\",\"url\":\"https:\\\/\\\/www.elenarobu.md\\\/wp-content\\\/uploads\\\/2018\\\/11\\\/martine-moldavie.png\",\"contentUrl\":\"https:\\\/\\\/www.elenarobu.md\\\/wp-content\\\/uploads\\\/2018\\\/11\\\/martine-moldavie.png\",\"width\":858,\"height\":412},{\"@type\":\"BreadcrumbList\",\"@id\":\"https:\\\/\\\/www.elenarobu.md\\\/fr\\\/video-andrezieux-boutheon-france-ungheni-moldavie-un-partenariat-durable\\\/#breadcrumb\",\"itemListElement\":[{\"@type\":\"ListItem\",\"position\":1,\"name\":\"Prima pagin\u0103\",\"item\":\"https:\\\/\\\/www.elenarobu.md\\\/fr\\\/\"},{\"@type\":\"ListItem\",\"position\":2,\"name\":\"(VIDEO) Andr\u00e9zieux-Bouth\u00e9on (France) &#8211; Ungheni (Moldavie): Un partenariat durable\"}]},{\"@type\":\"WebSite\",\"@id\":\"https:\\\/\\\/www.elenarobu.md\\\/#website\",\"url\":\"https:\\\/\\\/www.elenarobu.md\\\/\",\"name\":\"ER News\",\"description\":\"Mes Informations L'information est le pouvoir! \\r\\nVotre pouvoir est votre source!\",\"publisher\":{\"@id\":\"https:\\\/\\\/www.elenarobu.md\\\/#organization\"},\"potentialAction\":[{\"@type\":\"SearchAction\",\"target\":{\"@type\":\"EntryPoint\",\"urlTemplate\":\"https:\\\/\\\/www.elenarobu.md\\\/?s={search_term_string}\"},\"query-input\":{\"@type\":\"PropertyValueSpecification\",\"valueRequired\":true,\"valueName\":\"search_term_string\"}}],\"inLanguage\":\"fr-FR\"},{\"@type\":\"Organization\",\"@id\":\"https:\\\/\\\/www.elenarobu.md\\\/#organization\",\"name\":\"ER News - Primul Portal de \u015etiri din Diaspora\",\"url\":\"https:\\\/\\\/www.elenarobu.md\\\/\",\"logo\":{\"@type\":\"ImageObject\",\"inLanguage\":\"fr-FR\",\"@id\":\"https:\\\/\\\/www.elenarobu.md\\\/#\\\/schema\\\/logo\\\/image\\\/\",\"url\":\"https:\\\/\\\/www.elenarobu.md\\\/wp-content\\\/uploads\\\/2019\\\/03\\\/Favicon-ER-News.png\",\"contentUrl\":\"https:\\\/\\\/www.elenarobu.md\\\/wp-content\\\/uploads\\\/2019\\\/03\\\/Favicon-ER-News.png\",\"width\":512,\"height\":512,\"caption\":\"ER News - Primul Portal de \u015etiri din Diaspora\"},\"image\":{\"@id\":\"https:\\\/\\\/www.elenarobu.md\\\/#\\\/schema\\\/logo\\\/image\\\/\"},\"sameAs\":[\"https:\\\/\\\/www.facebook.com\\\/elenarobublog\\\/\"]},{\"@type\":\"Person\",\"@id\":\"https:\\\/\\\/www.elenarobu.md\\\/#\\\/schema\\\/person\\\/9177a589bcd326ddc335da2e8942e9c4\",\"name\":\"Elena Robu\",\"image\":{\"@type\":\"ImageObject\",\"inLanguage\":\"fr-FR\",\"@id\":\"https:\\\/\\\/secure.gravatar.com\\\/avatar\\\/e6b204c39044aff7eeb99445db791730fb5f3a59a85b0eeeb670233e833e5f03?s=96&d=mm&r=g\",\"url\":\"https:\\\/\\\/secure.gravatar.com\\\/avatar\\\/e6b204c39044aff7eeb99445db791730fb5f3a59a85b0eeeb670233e833e5f03?s=96&d=mm&r=g\",\"contentUrl\":\"https:\\\/\\\/secure.gravatar.com\\\/avatar\\\/e6b204c39044aff7eeb99445db791730fb5f3a59a85b0eeeb670233e833e5f03?s=96&d=mm&r=g\",\"caption\":\"Elena Robu\"}}]}<\/script>\n<!-- \/ Yoast SEO plugin. -->","yoast_head_json":{"title":"(VIDEO) Andr\u00e9zieux-Bouth\u00e9on (France) - Ungheni (Moldavie): Un partenariat durable - ER News","robots":{"index":"index","follow":"follow","max-snippet":"max-snippet:-1","max-image-preview":"max-image-preview:large","max-video-preview":"max-video-preview:-1"},"canonical":"https:\/\/www.elenarobu.md\/fr\/video-andrezieux-boutheon-france-ungheni-moldavie-un-partenariat-durable\/","og_locale":"fr_FR","og_type":"article","og_title":"(VIDEO) Andr\u00e9zieux-Bouth\u00e9on (France) - Ungheni (Moldavie): Un partenariat durable - ER News","og_description":"Il y a deux ans, Ungheni, une ville de Moldavie \u00e0 c\u00f4t\u00e9 de la fronti\u00e8re roumaine et Andr\u00e9zieux-Bouth\u00e9on, une ville de pr\u00e8s de 10 000 habitants situ\u00e9e pr\u00e8s de Saint-\u00c9tienne, ont sign\u00e9 un accord de partenariat. Apr\u00e8s la visite d\u2019une d\u00e9l\u00e9gation d\u2019Andr\u00e9zieux-Bouth\u00e9on \u00e0 Ungheni, c\u2019\u00e9tait \u00e9galement le tour pour d\u00e9l\u00e9gation d\u2019Ungheni de visiter la ville [&hellip;]","og_url":"https:\/\/www.elenarobu.md\/fr\/video-andrezieux-boutheon-france-ungheni-moldavie-un-partenariat-durable\/","og_site_name":"ER News","article_publisher":"https:\/\/www.facebook.com\/elenarobublog\/","article_published_time":"2018-11-28T21:18:21+00:00","article_modified_time":"2020-02-05T09:24:45+00:00","og_image":[{"width":858,"height":412,"url":"https:\/\/www.elenarobu.md\/wp-content\/uploads\/2018\/11\/martine-moldavie.png","type":"image\/png"}],"author":"Elena Robu","twitter_card":"summary_large_image","twitter_misc":{"\u00c9crit par":"Elena Robu","Dur\u00e9e de lecture estim\u00e9e":"2 minutes"},"schema":{"@context":"https:\/\/schema.org","@graph":[{"@type":"Article","@id":"https:\/\/www.elenarobu.md\/fr\/video-andrezieux-boutheon-france-ungheni-moldavie-un-partenariat-durable\/#article","isPartOf":{"@id":"https:\/\/www.elenarobu.md\/fr\/video-andrezieux-boutheon-france-ungheni-moldavie-un-partenariat-durable\/"},"author":{"name":"Elena Robu","@id":"https:\/\/www.elenarobu.md\/#\/schema\/person\/9177a589bcd326ddc335da2e8942e9c4"},"headline":"(VIDEO) Andr\u00e9zieux-Bouth\u00e9on (France) &#8211; Ungheni (Moldavie): Un partenariat durable","datePublished":"2018-11-28T21:18:21+00:00","dateModified":"2020-02-05T09:24:45+00:00","mainEntityOfPage":{"@id":"https:\/\/www.elenarobu.md\/fr\/video-andrezieux-boutheon-france-ungheni-moldavie-un-partenariat-durable\/"},"wordCount":375,"commentCount":0,"publisher":{"@id":"https:\/\/www.elenarobu.md\/#organization"},"image":{"@id":"https:\/\/www.elenarobu.md\/fr\/video-andrezieux-boutheon-france-ungheni-moldavie-un-partenariat-durable\/#primaryimage"},"thumbnailUrl":"https:\/\/www.elenarobu.md\/wp-content\/uploads\/2018\/11\/martine-moldavie.png","articleSection":["Moldavie","MOLDAVIE - FRANCE","Vid\u00e9o"],"inLanguage":"fr-FR","potentialAction":[{"@type":"CommentAction","name":"Comment","target":["https:\/\/www.elenarobu.md\/fr\/video-andrezieux-boutheon-france-ungheni-moldavie-un-partenariat-durable\/#respond"]}]},{"@type":"WebPage","@id":"https:\/\/www.elenarobu.md\/fr\/video-andrezieux-boutheon-france-ungheni-moldavie-un-partenariat-durable\/","url":"https:\/\/www.elenarobu.md\/fr\/video-andrezieux-boutheon-france-ungheni-moldavie-un-partenariat-durable\/","name":"(VIDEO) Andr\u00e9zieux-Bouth\u00e9on (France) - Ungheni (Moldavie): Un partenariat durable - ER News","isPartOf":{"@id":"https:\/\/www.elenarobu.md\/#website"},"primaryImageOfPage":{"@id":"https:\/\/www.elenarobu.md\/fr\/video-andrezieux-boutheon-france-ungheni-moldavie-un-partenariat-durable\/#primaryimage"},"image":{"@id":"https:\/\/www.elenarobu.md\/fr\/video-andrezieux-boutheon-france-ungheni-moldavie-un-partenariat-durable\/#primaryimage"},"thumbnailUrl":"https:\/\/www.elenarobu.md\/wp-content\/uploads\/2018\/11\/martine-moldavie.png","datePublished":"2018-11-28T21:18:21+00:00","dateModified":"2020-02-05T09:24:45+00:00","breadcrumb":{"@id":"https:\/\/www.elenarobu.md\/fr\/video-andrezieux-boutheon-france-ungheni-moldavie-un-partenariat-durable\/#breadcrumb"},"inLanguage":"fr-FR","potentialAction":[{"@type":"ReadAction","target":["https:\/\/www.elenarobu.md\/fr\/video-andrezieux-boutheon-france-ungheni-moldavie-un-partenariat-durable\/"]}]},{"@type":"ImageObject","inLanguage":"fr-FR","@id":"https:\/\/www.elenarobu.md\/fr\/video-andrezieux-boutheon-france-ungheni-moldavie-un-partenariat-durable\/#primaryimage","url":"https:\/\/www.elenarobu.md\/wp-content\/uploads\/2018\/11\/martine-moldavie.png","contentUrl":"https:\/\/www.elenarobu.md\/wp-content\/uploads\/2018\/11\/martine-moldavie.png","width":858,"height":412},{"@type":"BreadcrumbList","@id":"https:\/\/www.elenarobu.md\/fr\/video-andrezieux-boutheon-france-ungheni-moldavie-un-partenariat-durable\/#breadcrumb","itemListElement":[{"@type":"ListItem","position":1,"name":"Prima pagin\u0103","item":"https:\/\/www.elenarobu.md\/fr\/"},{"@type":"ListItem","position":2,"name":"(VIDEO) Andr\u00e9zieux-Bouth\u00e9on (France) &#8211; Ungheni (Moldavie): Un partenariat durable"}]},{"@type":"WebSite","@id":"https:\/\/www.elenarobu.md\/#website","url":"https:\/\/www.elenarobu.md\/","name":"ER News","description":"Mes Informations L'information est le pouvoir! \r\nVotre pouvoir est votre source!","publisher":{"@id":"https:\/\/www.elenarobu.md\/#organization"},"potentialAction":[{"@type":"SearchAction","target":{"@type":"EntryPoint","urlTemplate":"https:\/\/www.elenarobu.md\/?s={search_term_string}"},"query-input":{"@type":"PropertyValueSpecification","valueRequired":true,"valueName":"search_term_string"}}],"inLanguage":"fr-FR"},{"@type":"Organization","@id":"https:\/\/www.elenarobu.md\/#organization","name":"ER News - Primul Portal de \u015etiri din Diaspora","url":"https:\/\/www.elenarobu.md\/","logo":{"@type":"ImageObject","inLanguage":"fr-FR","@id":"https:\/\/www.elenarobu.md\/#\/schema\/logo\/image\/","url":"https:\/\/www.elenarobu.md\/wp-content\/uploads\/2019\/03\/Favicon-ER-News.png","contentUrl":"https:\/\/www.elenarobu.md\/wp-content\/uploads\/2019\/03\/Favicon-ER-News.png","width":512,"height":512,"caption":"ER News - Primul Portal de \u015etiri din Diaspora"},"image":{"@id":"https:\/\/www.elenarobu.md\/#\/schema\/logo\/image\/"},"sameAs":["https:\/\/www.facebook.com\/elenarobublog\/"]},{"@type":"Person","@id":"https:\/\/www.elenarobu.md\/#\/schema\/person\/9177a589bcd326ddc335da2e8942e9c4","name":"Elena Robu","image":{"@type":"ImageObject","inLanguage":"fr-FR","@id":"https:\/\/secure.gravatar.com\/avatar\/e6b204c39044aff7eeb99445db791730fb5f3a59a85b0eeeb670233e833e5f03?s=96&d=mm&r=g","url":"https:\/\/secure.gravatar.com\/avatar\/e6b204c39044aff7eeb99445db791730fb5f3a59a85b0eeeb670233e833e5f03?s=96&d=mm&r=g","contentUrl":"https:\/\/secure.gravatar.com\/avatar\/e6b204c39044aff7eeb99445db791730fb5f3a59a85b0eeeb670233e833e5f03?s=96&d=mm&r=g","caption":"Elena Robu"}}]}},"_links":{"self":[{"href":"https:\/\/www.elenarobu.md\/fr\/wp-json\/wp\/v2\/posts\/12575","targetHints":{"allow":["GET"]}}],"collection":[{"href":"https:\/\/www.elenarobu.md\/fr\/wp-json\/wp\/v2\/posts"}],"about":[{"href":"https:\/\/www.elenarobu.md\/fr\/wp-json\/wp\/v2\/types\/post"}],"author":[{"embeddable":true,"href":"https:\/\/www.elenarobu.md\/fr\/wp-json\/wp\/v2\/users\/2"}],"replies":[{"embeddable":true,"href":"https:\/\/www.elenarobu.md\/fr\/wp-json\/wp\/v2\/comments?post=12575"}],"version-history":[{"count":5,"href":"https:\/\/www.elenarobu.md\/fr\/wp-json\/wp\/v2\/posts\/12575\/revisions"}],"predecessor-version":[{"id":16072,"href":"https:\/\/www.elenarobu.md\/fr\/wp-json\/wp\/v2\/posts\/12575\/revisions\/16072"}],"wp:featuredmedia":[{"embeddable":true,"href":"https:\/\/www.elenarobu.md\/fr\/wp-json\/wp\/v2\/media\/12578"}],"wp:attachment":[{"href":"https:\/\/www.elenarobu.md\/fr\/wp-json\/wp\/v2\/media?parent=12575"}],"wp:term":[{"taxonomy":"category","embeddable":true,"href":"https:\/\/www.elenarobu.md\/fr\/wp-json\/wp\/v2\/categories?post=12575"},{"taxonomy":"post_tag","embeddable":true,"href":"https:\/\/www.elenarobu.md\/fr\/wp-json\/wp\/v2\/tags?post=12575"}],"curies":[{"name":"wp","href":"https:\/\/api.w.org\/{rel}","templated":true}]}}