{"id":12898,"date":"2018-12-06T18:00:55","date_gmt":"2018-12-06T16:00:55","guid":{"rendered":"https:\/\/elenarobu.md\/?p=12898"},"modified":"2020-02-05T11:23:36","modified_gmt":"2020-02-05T09:23:36","slug":"le-maire-de-saint-etienne-demande-lannulation-de-la-fete-des-lumieres-a-lyon","status":"publish","type":"post","link":"https:\/\/www.elenarobu.md\/fr\/le-maire-de-saint-etienne-demande-lannulation-de-la-fete-des-lumieres-a-lyon\/","title":{"rendered":"Le maire de Saint-Etienne demande l&rsquo;annulation de la F\u00eate des Lumi\u00e8res \u00e0 Lyon"},"content":{"rendered":"<h2 class=\"accroche\">Dans un tweet, le maire de Saint-Etienne Ga\u00ebl Perdriau a \u00e9mis l&rsquo;id\u00e9e d&rsquo;annuler le festival lyonnais, craignant que toutes les forces de s\u00e9curit\u00e9 de la r\u00e9gion ne soient concentr\u00e9es \u00e0 Lyon, lors de ce nouveau week-end de mobilisation des Gilets jaunes, selon www.leprogres.fr.<\/h2>\n<p>Voil\u00e0 une proposition qui ne va pas rapprocher Lyonnais et St\u00e9phanois&#8230; Le maire de Saint-Etienne\u00a0a imagin\u00e9 faire annuler la F\u00eate des Lumi\u00e8res de Lyon. Dans un tweet post\u00e9 ce jeudi \u00e0 10h45, Ga\u00ebl Perdriau (Les R\u00e9publicains) a mis en avant les manifestations annonc\u00e9es des Gilets jaunes\u00a0le week-end prochain (mais aussi\u00a0des lyc\u00e9ens, des pompiers, des marcheurs pour le climat&#8230;)\u00a0: \u00ab\u00a0Ne serait-il pas plus raisonnable d\u2019annuler la #fetedeslumieres dans le contexte actuel ? Cela permettrait une meilleure r\u00e9partition des forces de l\u2019ordre\u00a0\u00bb, estime-t-il.<\/p>\n<p>L&rsquo;ancien d\u00e9put\u00e9 de la Loire Jean-Louis Gagnaire (LREM)\u00a0lui a embo\u00eet\u00e9 le pas en d\u00e9clarant, lui aussi dans un tweet, que \u00ab\u00a0la Pr\u00e9fecture du Rh\u00f4ne, la place Beauvau et Christophe Castaner [ministre de l&rsquo;Int\u00e9rieur] doivent interdire la F\u00eate des Lumi\u00e8res de Lyon samedi 8 d\u00e9cembre, parce qu&rsquo;on ne peut mobiliser l&rsquo;essentiel des forces de s\u00e9curit\u00e9 d&rsquo;Auvergne Rh\u00f4ne-Alpes compte tenu des violences d\u00e9j\u00e0 constat\u00e9es \u00e0 Saint-Etienne ou Clermont-Ferrand\u00a0\u00bb.<\/p>\n<p>Contact\u00e9e, la Ville de Lyon et la Pr\u00e9fecture de r\u00e9gion assurent qu&rsquo;il n&rsquo;a jamais \u00e9t\u00e9 question d&rsquo;annuler la F\u00eate des Lumi\u00e8res.<\/p>\n<p>\u00ab\u00a0Si la conf\u00e9rence de presse sur la s\u00e9curit\u00e9 a \u00e9t\u00e9 d\u00e9cal\u00e9e \u00e0 mercredi, c&rsquo;\u00e9tait juste pour conna\u00eetre le nombre exact de forces de s\u00e9curit\u00e9 disponibles pour encadrer la f\u00eate. Cela n&rsquo;a rien \u00e0 voir avec les forces disponibles pour s\u00e9curiser le Rh\u00f4ne et la R\u00e9gion, qui seront en nombre suffisant le week-end prochain\u00a0\u00bb, assure-t-on \u00e0 la Pr\u00e9fecture.<\/p>\n<p>Lors de cette conf\u00e9rence de presse, le maire de Lyon G\u00e9rard Collomb avait reconnu \u00ab\u00a0le contexte singulier\u00a0\u00bb de cette F\u00eate des Lumi\u00e8res 2018 mais il avait estim\u00e9 que \u00ab\u00a0nous avons les moyens n\u00e9cessaires pour qu&rsquo;elle ait lieu dans les conditions habituelles de tranquillit\u00e9 et de s\u00e9curit\u00e9\u00a0\u00bb.<\/p>\n<p>Selon nos informations, des unit\u00e9s locales de\u00a0s\u00e9curit\u00e9 qui avaient \u00e9t\u00e9 pressenties pour rejoindre Paris samedi ont finalement \u00e9t\u00e9 conserv\u00e9es \u00e0 Lyon. Ce qui laisse penser que le dispositif r\u00e9gional ne\u00a0devrait pas \u00eatre revu \u00e0 la baisse pour s\u00e9curiser Lyon.<\/p>\n<p>&nbsp;<\/p>\n","protected":false},"excerpt":{"rendered":"<p>Dans un tweet, le maire de Saint-Etienne Ga\u00ebl Perdriau a \u00e9mis l&rsquo;id\u00e9e d&rsquo;annuler le festival lyonnais, craignant que toutes les forces de s\u00e9curit\u00e9 de la r\u00e9gion ne soient concentr\u00e9es \u00e0 Lyon, lors de ce nouveau week-end de mobilisation des Gilets jaunes, selon www.leprogres.fr. Voil\u00e0 une proposition qui ne va pas rapprocher Lyonnais et St\u00e9phanois&#8230; Le [&hellip;]<\/p>\n","protected":false},"author":2,"featured_media":12900,"comment_status":"open","ping_status":"open","sticky":false,"template":"","format":"standard","meta":{"footnotes":""},"categories":[4591,1245],"tags":[],"class_list":["post-12898","post","type-post","status-publish","format-standard","has-post-thumbnail","hentry","category-france","category-moldavie-france"],"yoast_head":"<!-- This site is optimized with the Yoast SEO plugin v27.4 - https:\/\/yoast.com\/product\/yoast-seo-wordpress\/ -->\n<title>Le maire de Saint-Etienne demande l&#039;annulation de la F\u00eate des Lumi\u00e8res \u00e0 Lyon - ER News<\/title>\n<meta name=\"robots\" content=\"index, follow, max-snippet:-1, max-image-preview:large, max-video-preview:-1\" \/>\n<link rel=\"canonical\" href=\"https:\/\/www.elenarobu.md\/fr\/le-maire-de-saint-etienne-demande-lannulation-de-la-fete-des-lumieres-a-lyon\/\" \/>\n<meta property=\"og:locale\" content=\"fr_FR\" \/>\n<meta property=\"og:type\" content=\"article\" \/>\n<meta property=\"og:title\" content=\"Le maire de Saint-Etienne demande l&#039;annulation de la F\u00eate des Lumi\u00e8res \u00e0 Lyon - ER News\" \/>\n<meta property=\"og:description\" content=\"Dans un tweet, le maire de Saint-Etienne Ga\u00ebl Perdriau a \u00e9mis l&rsquo;id\u00e9e d&rsquo;annuler le festival lyonnais, craignant que toutes les forces de s\u00e9curit\u00e9 de la r\u00e9gion ne soient concentr\u00e9es \u00e0 Lyon, lors de ce nouveau week-end de mobilisation des Gilets jaunes, selon www.leprogres.fr. Voil\u00e0 une proposition qui ne va pas rapprocher Lyonnais et St\u00e9phanois&#8230; Le [&hellip;]\" \/>\n<meta property=\"og:url\" content=\"https:\/\/www.elenarobu.md\/fr\/le-maire-de-saint-etienne-demande-lannulation-de-la-fete-des-lumieres-a-lyon\/\" \/>\n<meta property=\"og:site_name\" content=\"ER News\" \/>\n<meta property=\"article:publisher\" content=\"https:\/\/www.facebook.com\/elenarobublog\/\" \/>\n<meta property=\"article:published_time\" content=\"2018-12-06T16:00:55+00:00\" \/>\n<meta property=\"article:modified_time\" content=\"2020-02-05T09:23:36+00:00\" \/>\n<meta property=\"og:image\" content=\"https:\/\/www.elenarobu.md\/wp-content\/uploads\/2018\/12\/1897689D-E80C-4C2A-9F34-9682E83486C3.jpeg\" \/>\n\t<meta property=\"og:image:width\" content=\"701\" \/>\n\t<meta property=\"og:image:height\" content=\"375\" \/>\n\t<meta property=\"og:image:type\" content=\"image\/jpeg\" \/>\n<meta name=\"author\" content=\"Elena Robu\" \/>\n<meta name=\"twitter:card\" content=\"summary_large_image\" \/>\n<meta name=\"twitter:label1\" content=\"\u00c9crit par\" \/>\n\t<meta name=\"twitter:data1\" content=\"Elena Robu\" \/>\n\t<meta name=\"twitter:label2\" content=\"Dur\u00e9e de lecture estim\u00e9e\" \/>\n\t<meta name=\"twitter:data2\" content=\"2 minutes\" \/>\n<script type=\"application\/ld+json\" class=\"yoast-schema-graph\">{\"@context\":\"https:\\\/\\\/schema.org\",\"@graph\":[{\"@type\":\"Article\",\"@id\":\"https:\\\/\\\/www.elenarobu.md\\\/fr\\\/le-maire-de-saint-etienne-demande-lannulation-de-la-fete-des-lumieres-a-lyon\\\/#article\",\"isPartOf\":{\"@id\":\"https:\\\/\\\/www.elenarobu.md\\\/fr\\\/le-maire-de-saint-etienne-demande-lannulation-de-la-fete-des-lumieres-a-lyon\\\/\"},\"author\":{\"name\":\"Elena Robu\",\"@id\":\"https:\\\/\\\/www.elenarobu.md\\\/#\\\/schema\\\/person\\\/9177a589bcd326ddc335da2e8942e9c4\"},\"headline\":\"Le maire de Saint-Etienne demande l&rsquo;annulation de la F\u00eate des Lumi\u00e8res \u00e0 Lyon\",\"datePublished\":\"2018-12-06T16:00:55+00:00\",\"dateModified\":\"2020-02-05T09:23:36+00:00\",\"mainEntityOfPage\":{\"@id\":\"https:\\\/\\\/www.elenarobu.md\\\/fr\\\/le-maire-de-saint-etienne-demande-lannulation-de-la-fete-des-lumieres-a-lyon\\\/\"},\"wordCount\":434,\"commentCount\":0,\"publisher\":{\"@id\":\"https:\\\/\\\/www.elenarobu.md\\\/#organization\"},\"image\":{\"@id\":\"https:\\\/\\\/www.elenarobu.md\\\/fr\\\/le-maire-de-saint-etienne-demande-lannulation-de-la-fete-des-lumieres-a-lyon\\\/#primaryimage\"},\"thumbnailUrl\":\"https:\\\/\\\/www.elenarobu.md\\\/wp-content\\\/uploads\\\/2018\\\/12\\\/1897689D-E80C-4C2A-9F34-9682E83486C3.jpeg\",\"articleSection\":[\"France\",\"MOLDAVIE - FRANCE\"],\"inLanguage\":\"fr-FR\",\"potentialAction\":[{\"@type\":\"CommentAction\",\"name\":\"Comment\",\"target\":[\"https:\\\/\\\/www.elenarobu.md\\\/fr\\\/le-maire-de-saint-etienne-demande-lannulation-de-la-fete-des-lumieres-a-lyon\\\/#respond\"]}]},{\"@type\":\"WebPage\",\"@id\":\"https:\\\/\\\/www.elenarobu.md\\\/fr\\\/le-maire-de-saint-etienne-demande-lannulation-de-la-fete-des-lumieres-a-lyon\\\/\",\"url\":\"https:\\\/\\\/www.elenarobu.md\\\/fr\\\/le-maire-de-saint-etienne-demande-lannulation-de-la-fete-des-lumieres-a-lyon\\\/\",\"name\":\"Le maire de Saint-Etienne demande l'annulation de la F\u00eate des Lumi\u00e8res \u00e0 Lyon - ER News\",\"isPartOf\":{\"@id\":\"https:\\\/\\\/www.elenarobu.md\\\/#website\"},\"primaryImageOfPage\":{\"@id\":\"https:\\\/\\\/www.elenarobu.md\\\/fr\\\/le-maire-de-saint-etienne-demande-lannulation-de-la-fete-des-lumieres-a-lyon\\\/#primaryimage\"},\"image\":{\"@id\":\"https:\\\/\\\/www.elenarobu.md\\\/fr\\\/le-maire-de-saint-etienne-demande-lannulation-de-la-fete-des-lumieres-a-lyon\\\/#primaryimage\"},\"thumbnailUrl\":\"https:\\\/\\\/www.elenarobu.md\\\/wp-content\\\/uploads\\\/2018\\\/12\\\/1897689D-E80C-4C2A-9F34-9682E83486C3.jpeg\",\"datePublished\":\"2018-12-06T16:00:55+00:00\",\"dateModified\":\"2020-02-05T09:23:36+00:00\",\"breadcrumb\":{\"@id\":\"https:\\\/\\\/www.elenarobu.md\\\/fr\\\/le-maire-de-saint-etienne-demande-lannulation-de-la-fete-des-lumieres-a-lyon\\\/#breadcrumb\"},\"inLanguage\":\"fr-FR\",\"potentialAction\":[{\"@type\":\"ReadAction\",\"target\":[\"https:\\\/\\\/www.elenarobu.md\\\/fr\\\/le-maire-de-saint-etienne-demande-lannulation-de-la-fete-des-lumieres-a-lyon\\\/\"]}]},{\"@type\":\"ImageObject\",\"inLanguage\":\"fr-FR\",\"@id\":\"https:\\\/\\\/www.elenarobu.md\\\/fr\\\/le-maire-de-saint-etienne-demande-lannulation-de-la-fete-des-lumieres-a-lyon\\\/#primaryimage\",\"url\":\"https:\\\/\\\/www.elenarobu.md\\\/wp-content\\\/uploads\\\/2018\\\/12\\\/1897689D-E80C-4C2A-9F34-9682E83486C3.jpeg\",\"contentUrl\":\"https:\\\/\\\/www.elenarobu.md\\\/wp-content\\\/uploads\\\/2018\\\/12\\\/1897689D-E80C-4C2A-9F34-9682E83486C3.jpeg\",\"width\":701,\"height\":375},{\"@type\":\"BreadcrumbList\",\"@id\":\"https:\\\/\\\/www.elenarobu.md\\\/fr\\\/le-maire-de-saint-etienne-demande-lannulation-de-la-fete-des-lumieres-a-lyon\\\/#breadcrumb\",\"itemListElement\":[{\"@type\":\"ListItem\",\"position\":1,\"name\":\"Prima pagin\u0103\",\"item\":\"https:\\\/\\\/www.elenarobu.md\\\/fr\\\/\"},{\"@type\":\"ListItem\",\"position\":2,\"name\":\"Le maire de Saint-Etienne demande l&rsquo;annulation de la F\u00eate des Lumi\u00e8res \u00e0 Lyon\"}]},{\"@type\":\"WebSite\",\"@id\":\"https:\\\/\\\/www.elenarobu.md\\\/#website\",\"url\":\"https:\\\/\\\/www.elenarobu.md\\\/\",\"name\":\"ER News\",\"description\":\"Mes Informations L'information est le pouvoir! \\r\\nVotre pouvoir est votre source!\",\"publisher\":{\"@id\":\"https:\\\/\\\/www.elenarobu.md\\\/#organization\"},\"potentialAction\":[{\"@type\":\"SearchAction\",\"target\":{\"@type\":\"EntryPoint\",\"urlTemplate\":\"https:\\\/\\\/www.elenarobu.md\\\/?s={search_term_string}\"},\"query-input\":{\"@type\":\"PropertyValueSpecification\",\"valueRequired\":true,\"valueName\":\"search_term_string\"}}],\"inLanguage\":\"fr-FR\"},{\"@type\":\"Organization\",\"@id\":\"https:\\\/\\\/www.elenarobu.md\\\/#organization\",\"name\":\"ER News - Primul Portal de \u015etiri din Diaspora\",\"url\":\"https:\\\/\\\/www.elenarobu.md\\\/\",\"logo\":{\"@type\":\"ImageObject\",\"inLanguage\":\"fr-FR\",\"@id\":\"https:\\\/\\\/www.elenarobu.md\\\/#\\\/schema\\\/logo\\\/image\\\/\",\"url\":\"https:\\\/\\\/www.elenarobu.md\\\/wp-content\\\/uploads\\\/2019\\\/03\\\/Favicon-ER-News.png\",\"contentUrl\":\"https:\\\/\\\/www.elenarobu.md\\\/wp-content\\\/uploads\\\/2019\\\/03\\\/Favicon-ER-News.png\",\"width\":512,\"height\":512,\"caption\":\"ER News - Primul Portal de \u015etiri din Diaspora\"},\"image\":{\"@id\":\"https:\\\/\\\/www.elenarobu.md\\\/#\\\/schema\\\/logo\\\/image\\\/\"},\"sameAs\":[\"https:\\\/\\\/www.facebook.com\\\/elenarobublog\\\/\"]},{\"@type\":\"Person\",\"@id\":\"https:\\\/\\\/www.elenarobu.md\\\/#\\\/schema\\\/person\\\/9177a589bcd326ddc335da2e8942e9c4\",\"name\":\"Elena Robu\",\"image\":{\"@type\":\"ImageObject\",\"inLanguage\":\"fr-FR\",\"@id\":\"https:\\\/\\\/secure.gravatar.com\\\/avatar\\\/e6b204c39044aff7eeb99445db791730fb5f3a59a85b0eeeb670233e833e5f03?s=96&d=mm&r=g\",\"url\":\"https:\\\/\\\/secure.gravatar.com\\\/avatar\\\/e6b204c39044aff7eeb99445db791730fb5f3a59a85b0eeeb670233e833e5f03?s=96&d=mm&r=g\",\"contentUrl\":\"https:\\\/\\\/secure.gravatar.com\\\/avatar\\\/e6b204c39044aff7eeb99445db791730fb5f3a59a85b0eeeb670233e833e5f03?s=96&d=mm&r=g\",\"caption\":\"Elena Robu\"}}]}<\/script>\n<!-- \/ Yoast SEO plugin. -->","yoast_head_json":{"title":"Le maire de Saint-Etienne demande l'annulation de la F\u00eate des Lumi\u00e8res \u00e0 Lyon - ER News","robots":{"index":"index","follow":"follow","max-snippet":"max-snippet:-1","max-image-preview":"max-image-preview:large","max-video-preview":"max-video-preview:-1"},"canonical":"https:\/\/www.elenarobu.md\/fr\/le-maire-de-saint-etienne-demande-lannulation-de-la-fete-des-lumieres-a-lyon\/","og_locale":"fr_FR","og_type":"article","og_title":"Le maire de Saint-Etienne demande l'annulation de la F\u00eate des Lumi\u00e8res \u00e0 Lyon - ER News","og_description":"Dans un tweet, le maire de Saint-Etienne Ga\u00ebl Perdriau a \u00e9mis l&rsquo;id\u00e9e d&rsquo;annuler le festival lyonnais, craignant que toutes les forces de s\u00e9curit\u00e9 de la r\u00e9gion ne soient concentr\u00e9es \u00e0 Lyon, lors de ce nouveau week-end de mobilisation des Gilets jaunes, selon www.leprogres.fr. Voil\u00e0 une proposition qui ne va pas rapprocher Lyonnais et St\u00e9phanois&#8230; Le [&hellip;]","og_url":"https:\/\/www.elenarobu.md\/fr\/le-maire-de-saint-etienne-demande-lannulation-de-la-fete-des-lumieres-a-lyon\/","og_site_name":"ER News","article_publisher":"https:\/\/www.facebook.com\/elenarobublog\/","article_published_time":"2018-12-06T16:00:55+00:00","article_modified_time":"2020-02-05T09:23:36+00:00","og_image":[{"width":701,"height":375,"url":"https:\/\/www.elenarobu.md\/wp-content\/uploads\/2018\/12\/1897689D-E80C-4C2A-9F34-9682E83486C3.jpeg","type":"image\/jpeg"}],"author":"Elena Robu","twitter_card":"summary_large_image","twitter_misc":{"\u00c9crit par":"Elena Robu","Dur\u00e9e de lecture estim\u00e9e":"2 minutes"},"schema":{"@context":"https:\/\/schema.org","@graph":[{"@type":"Article","@id":"https:\/\/www.elenarobu.md\/fr\/le-maire-de-saint-etienne-demande-lannulation-de-la-fete-des-lumieres-a-lyon\/#article","isPartOf":{"@id":"https:\/\/www.elenarobu.md\/fr\/le-maire-de-saint-etienne-demande-lannulation-de-la-fete-des-lumieres-a-lyon\/"},"author":{"name":"Elena Robu","@id":"https:\/\/www.elenarobu.md\/#\/schema\/person\/9177a589bcd326ddc335da2e8942e9c4"},"headline":"Le maire de Saint-Etienne demande l&rsquo;annulation de la F\u00eate des Lumi\u00e8res \u00e0 Lyon","datePublished":"2018-12-06T16:00:55+00:00","dateModified":"2020-02-05T09:23:36+00:00","mainEntityOfPage":{"@id":"https:\/\/www.elenarobu.md\/fr\/le-maire-de-saint-etienne-demande-lannulation-de-la-fete-des-lumieres-a-lyon\/"},"wordCount":434,"commentCount":0,"publisher":{"@id":"https:\/\/www.elenarobu.md\/#organization"},"image":{"@id":"https:\/\/www.elenarobu.md\/fr\/le-maire-de-saint-etienne-demande-lannulation-de-la-fete-des-lumieres-a-lyon\/#primaryimage"},"thumbnailUrl":"https:\/\/www.elenarobu.md\/wp-content\/uploads\/2018\/12\/1897689D-E80C-4C2A-9F34-9682E83486C3.jpeg","articleSection":["France","MOLDAVIE - FRANCE"],"inLanguage":"fr-FR","potentialAction":[{"@type":"CommentAction","name":"Comment","target":["https:\/\/www.elenarobu.md\/fr\/le-maire-de-saint-etienne-demande-lannulation-de-la-fete-des-lumieres-a-lyon\/#respond"]}]},{"@type":"WebPage","@id":"https:\/\/www.elenarobu.md\/fr\/le-maire-de-saint-etienne-demande-lannulation-de-la-fete-des-lumieres-a-lyon\/","url":"https:\/\/www.elenarobu.md\/fr\/le-maire-de-saint-etienne-demande-lannulation-de-la-fete-des-lumieres-a-lyon\/","name":"Le maire de Saint-Etienne demande l'annulation de la F\u00eate des Lumi\u00e8res \u00e0 Lyon - ER News","isPartOf":{"@id":"https:\/\/www.elenarobu.md\/#website"},"primaryImageOfPage":{"@id":"https:\/\/www.elenarobu.md\/fr\/le-maire-de-saint-etienne-demande-lannulation-de-la-fete-des-lumieres-a-lyon\/#primaryimage"},"image":{"@id":"https:\/\/www.elenarobu.md\/fr\/le-maire-de-saint-etienne-demande-lannulation-de-la-fete-des-lumieres-a-lyon\/#primaryimage"},"thumbnailUrl":"https:\/\/www.elenarobu.md\/wp-content\/uploads\/2018\/12\/1897689D-E80C-4C2A-9F34-9682E83486C3.jpeg","datePublished":"2018-12-06T16:00:55+00:00","dateModified":"2020-02-05T09:23:36+00:00","breadcrumb":{"@id":"https:\/\/www.elenarobu.md\/fr\/le-maire-de-saint-etienne-demande-lannulation-de-la-fete-des-lumieres-a-lyon\/#breadcrumb"},"inLanguage":"fr-FR","potentialAction":[{"@type":"ReadAction","target":["https:\/\/www.elenarobu.md\/fr\/le-maire-de-saint-etienne-demande-lannulation-de-la-fete-des-lumieres-a-lyon\/"]}]},{"@type":"ImageObject","inLanguage":"fr-FR","@id":"https:\/\/www.elenarobu.md\/fr\/le-maire-de-saint-etienne-demande-lannulation-de-la-fete-des-lumieres-a-lyon\/#primaryimage","url":"https:\/\/www.elenarobu.md\/wp-content\/uploads\/2018\/12\/1897689D-E80C-4C2A-9F34-9682E83486C3.jpeg","contentUrl":"https:\/\/www.elenarobu.md\/wp-content\/uploads\/2018\/12\/1897689D-E80C-4C2A-9F34-9682E83486C3.jpeg","width":701,"height":375},{"@type":"BreadcrumbList","@id":"https:\/\/www.elenarobu.md\/fr\/le-maire-de-saint-etienne-demande-lannulation-de-la-fete-des-lumieres-a-lyon\/#breadcrumb","itemListElement":[{"@type":"ListItem","position":1,"name":"Prima pagin\u0103","item":"https:\/\/www.elenarobu.md\/fr\/"},{"@type":"ListItem","position":2,"name":"Le maire de Saint-Etienne demande l&rsquo;annulation de la F\u00eate des Lumi\u00e8res \u00e0 Lyon"}]},{"@type":"WebSite","@id":"https:\/\/www.elenarobu.md\/#website","url":"https:\/\/www.elenarobu.md\/","name":"ER News","description":"Mes Informations L'information est le pouvoir! \r\nVotre pouvoir est votre source!","publisher":{"@id":"https:\/\/www.elenarobu.md\/#organization"},"potentialAction":[{"@type":"SearchAction","target":{"@type":"EntryPoint","urlTemplate":"https:\/\/www.elenarobu.md\/?s={search_term_string}"},"query-input":{"@type":"PropertyValueSpecification","valueRequired":true,"valueName":"search_term_string"}}],"inLanguage":"fr-FR"},{"@type":"Organization","@id":"https:\/\/www.elenarobu.md\/#organization","name":"ER News - Primul Portal de \u015etiri din Diaspora","url":"https:\/\/www.elenarobu.md\/","logo":{"@type":"ImageObject","inLanguage":"fr-FR","@id":"https:\/\/www.elenarobu.md\/#\/schema\/logo\/image\/","url":"https:\/\/www.elenarobu.md\/wp-content\/uploads\/2019\/03\/Favicon-ER-News.png","contentUrl":"https:\/\/www.elenarobu.md\/wp-content\/uploads\/2019\/03\/Favicon-ER-News.png","width":512,"height":512,"caption":"ER News - Primul Portal de \u015etiri din Diaspora"},"image":{"@id":"https:\/\/www.elenarobu.md\/#\/schema\/logo\/image\/"},"sameAs":["https:\/\/www.facebook.com\/elenarobublog\/"]},{"@type":"Person","@id":"https:\/\/www.elenarobu.md\/#\/schema\/person\/9177a589bcd326ddc335da2e8942e9c4","name":"Elena Robu","image":{"@type":"ImageObject","inLanguage":"fr-FR","@id":"https:\/\/secure.gravatar.com\/avatar\/e6b204c39044aff7eeb99445db791730fb5f3a59a85b0eeeb670233e833e5f03?s=96&d=mm&r=g","url":"https:\/\/secure.gravatar.com\/avatar\/e6b204c39044aff7eeb99445db791730fb5f3a59a85b0eeeb670233e833e5f03?s=96&d=mm&r=g","contentUrl":"https:\/\/secure.gravatar.com\/avatar\/e6b204c39044aff7eeb99445db791730fb5f3a59a85b0eeeb670233e833e5f03?s=96&d=mm&r=g","caption":"Elena Robu"}}]}},"_links":{"self":[{"href":"https:\/\/www.elenarobu.md\/fr\/wp-json\/wp\/v2\/posts\/12898","targetHints":{"allow":["GET"]}}],"collection":[{"href":"https:\/\/www.elenarobu.md\/fr\/wp-json\/wp\/v2\/posts"}],"about":[{"href":"https:\/\/www.elenarobu.md\/fr\/wp-json\/wp\/v2\/types\/post"}],"author":[{"embeddable":true,"href":"https:\/\/www.elenarobu.md\/fr\/wp-json\/wp\/v2\/users\/2"}],"replies":[{"embeddable":true,"href":"https:\/\/www.elenarobu.md\/fr\/wp-json\/wp\/v2\/comments?post=12898"}],"version-history":[{"count":2,"href":"https:\/\/www.elenarobu.md\/fr\/wp-json\/wp\/v2\/posts\/12898\/revisions"}],"predecessor-version":[{"id":29710,"href":"https:\/\/www.elenarobu.md\/fr\/wp-json\/wp\/v2\/posts\/12898\/revisions\/29710"}],"wp:featuredmedia":[{"embeddable":true,"href":"https:\/\/www.elenarobu.md\/fr\/wp-json\/wp\/v2\/media\/12900"}],"wp:attachment":[{"href":"https:\/\/www.elenarobu.md\/fr\/wp-json\/wp\/v2\/media?parent=12898"}],"wp:term":[{"taxonomy":"category","embeddable":true,"href":"https:\/\/www.elenarobu.md\/fr\/wp-json\/wp\/v2\/categories?post=12898"},{"taxonomy":"post_tag","embeddable":true,"href":"https:\/\/www.elenarobu.md\/fr\/wp-json\/wp\/v2\/tags?post=12898"}],"curies":[{"name":"wp","href":"https:\/\/api.w.org\/{rel}","templated":true}]}}