{"id":12936,"date":"2018-12-07T20:15:35","date_gmt":"2018-12-07T18:15:35","guid":{"rendered":"https:\/\/elenarobu.md\/?p=12936"},"modified":"2020-02-05T11:23:23","modified_gmt":"2020-02-05T09:23:23","slug":"affirmations-revoltantes-dans-la-presse-francaise-au-sujet-de-la-roumanie-et-du-centenaire-de-lunion","status":"publish","type":"post","link":"https:\/\/www.elenarobu.md\/fr\/affirmations-revoltantes-dans-la-presse-francaise-au-sujet-de-la-roumanie-et-du-centenaire-de-lunion\/","title":{"rendered":"Affirmations r\u00e9voltantes dans la presse fran\u00e7aise au sujet de la Roumanie et du Centenaire de l&rsquo;Union."},"content":{"rendered":"\n<p>La Roumanie et le Centenaire de l&rsquo;Union. Le jour m\u00eame de la f\u00eate nationale de Roumanie, sous le titre \u00ab\u00a0Histoire : la Roumanie naissai-t-il y a un si\u00e8cle\u00a0\u00bb, l&rsquo;hedomadaire <em>Le Point <\/em>publiait une interview avec l&rsquo;historienne Isabelle Davion dans laquelle celle-ci qualifiait le Royaume de Roumanie form\u00e9 en 1878 de royaume \u00ab frustr\u00e9 \u00bb. \u00a0Interrog\u00e9e sur les territoires que la Roumanie a \u00ab agr\u00e9g\u00e9s \u00bb en 1918, l&rsquo;historienne fran\u00e7aise r\u00e9pond, je cite : \u00ab La Bessarabie, obtenue de la <a href=\"https:\/\/www.lepoint.fr\/tags\/russie\">Russie\u00a0<\/a>en pleine r\u00e9volution bolchevique. La Bucovine, apr\u00e8s que le 28 novembre 1918, le Conseil g\u00e9n\u00e9ral de cette r\u00e9gion ait vot\u00e9 son d\u00e9tachement de l&rsquo;<a href=\"https:\/\/www.lepoint.fr\/tags\/autriche\">Autriche<\/a>. Le Banat, ancienne terre hongroise, qui sera partag\u00e9 en f\u00e9vrier 1919 entre la Roumanie et la <a href=\"https:\/\/www.lepoint.fr\/tags\/yougoslavie\">Yougoslavie<\/a>, autre nouvel \u00c9tat cr\u00e9\u00e9 le m\u00eame jour, le 1er d\u00e9cembre 1918, afin que ces deux pays proches de la France s&rsquo;entendent au mieux \u2013 mais la Roumanie regrettera toujours de n&rsquo;avoir pas obtenu l&rsquo;int\u00e9gralit\u00e9 du Banat. Et enfin la Transylvanie arrach\u00e9e \u00e0 la Hongrie. \u00bb<\/p>\n\n\n\n<p>Isabelle Davion est professeure \u00e0 l&rsquo;universit\u00e9 Sorbonne, pr\u00e9cise la publication fran\u00e7aise <em>Le Point<\/em>.<\/p>\n\n\n\n<p>De quoi s&rsquo;agit-il ? D&rsquo;une erreur fortuite ou de mauvaise foi\n? De m\u00e9conaissance ou d&rsquo;ignorance ?<\/p>\n\n\n\n<p>Il est vrai que l&rsquo;histoire des Roumains est pleine de nuances, comme l&rsquo;histoire de toutes les nations sur cette terre. Mais l&rsquo;affirmation d&rsquo;une historienne de la Sorbonne selon laquelle la Roumanie a obtenu la Bessarabie des Russes, alors que c&rsquo;est le Conseil du Pays (chambre basse du gouvernement de Bassarabie) qui a vot\u00e9, le 27 mars 1918, l&rsquo;union avec la Roumanie, s&rsquo;av\u00e8re \u00eatre une erreur de la plus grande gravit\u00e9. Il s&rsquo;agit d&rsquo;une affirmation r\u00e9voltante tout comme les autres affirmations li\u00e9es \u00e0 la Transylvanie, \u00e0 la Bucovine ou au Banat.<\/p>\n\n\n\n<p>Ces affirmations sont apparues au moment m\u00eame o\u00f9, \u00e0 Berlin, l&rsquo;agence allemande de presse DPA, \u00e9crivait que la Roumanie a \u00ab\u00a0annex\u00e9\u00a0\u00bb une partie de la Hongrie. Le Minist\u00e8re roumain des Affaires \u00e9trang\u00e8res et l&rsquo;Ambassade de Roumanie ont publi\u00e9 une protestation officielle.<\/p>\n\n\n\n<p>Peut-\u00eatre serait-il utile de rappeler que la Bessarabie&nbsp;et la Bucovine du&nbsp;Nord ont \u00e9t\u00e9 envahies entres le 28 juin et le&nbsp;4 juillet 1940 par l&rsquo;Arm\u00e9e rouge, aux termes du pacte Mototov-Von Ribbentrop&nbsp;pour \u00eatre int\u00e9gr\u00e9es \u00e0 l&rsquo;URSS, la premi\u00e8re sous l&rsquo;appellation de R\u00e9publique Socialiste Sovi\u00e9tique de Moldavie, la seconde au sein de la R\u00e9publique Socialiste Sovi\u00e9tique d&rsquo;Ukraine,&nbsp;avant de faire l&rsquo;objet&nbsp;d&rsquo;une russification forc\u00e9e&nbsp;et de la \u00ab\u00a0cyrillisation\u00a0\u00bb de notre langue \u2013le roumain-. &nbsp;Ces r\u00e9publiques&nbsp;n&rsquo;ont recouvr\u00e9 leur ind\u00e9pendance qu&rsquo;\u00e0 la dissolution de l&rsquo;URSS.<\/p>\n\n\n\n<p>C&rsquo;est aux Roumains, \u00e0 nous membres de la diaspora qu&rsquo;il incombe de parler de notre histoire, d&rsquo;expliquer aux Europ\u00e9ens qui nous sommes, quel est notre pass\u00e9, comment nous avons r\u00e9alis\u00e9 l&rsquo;union et comment aujourd&rsquo;hui, notre peuple est divis\u00e9 en deux pays (La Roumanie et la Moldavie). C&rsquo;est ce que, pour ma part, j&rsquo;explique \u00e0 tous les Europ\u00e9ens que je rencontre. On ne peut laisser ces choses \u00e0 la merci d&rsquo;experts ou d&rsquo;historiens capables de si graves erreurs. N&rsquo;oublions pas de d\u00e9fendre notre identit\u00e9, la n\u00f4tre propre en tant que nation et celle de notre pays, comme le font les autres peuples du monde.<\/p>\n\n\n\n<p>Traduction en fran\u00e7ais: \u00a0V\u00e9ronique North-Minc\u00e0<\/p>\n","protected":false},"excerpt":{"rendered":"<p>La Roumanie et le Centenaire de l&rsquo;Union. Le jour m\u00eame de la f\u00eate nationale de Roumanie, sous le titre \u00ab\u00a0Histoire : la Roumanie naissai-t-il y a un si\u00e8cle\u00a0\u00bb, l&rsquo;hedomadaire Le Point publiait une interview avec l&rsquo;historienne Isabelle Davion dans laquelle celle-ci qualifiait le Royaume de Roumanie form\u00e9 en 1878 de royaume \u00ab frustr\u00e9 \u00bb. \u00a0Interrog\u00e9e [&hellip;]<\/p>\n","protected":false},"author":2,"featured_media":12846,"comment_status":"open","ping_status":"open","sticky":false,"template":"","format":"standard","meta":{"footnotes":""},"categories":[1245,4590],"tags":[],"class_list":["post-12936","post","type-post","status-publish","format-standard","has-post-thumbnail","hentry","category-moldavie-france","category-roumanie"],"yoast_head":"<!-- This site is optimized with the Yoast SEO plugin v27.4 - https:\/\/yoast.com\/product\/yoast-seo-wordpress\/ -->\n<title>Affirmations r\u00e9voltantes dans la presse fran\u00e7aise au sujet de la Roumanie et du Centenaire de l&#039;Union. - ER News<\/title>\n<meta name=\"robots\" content=\"index, follow, max-snippet:-1, max-image-preview:large, max-video-preview:-1\" \/>\n<link rel=\"canonical\" href=\"https:\/\/www.elenarobu.md\/fr\/affirmations-revoltantes-dans-la-presse-francaise-au-sujet-de-la-roumanie-et-du-centenaire-de-lunion\/\" \/>\n<meta property=\"og:locale\" content=\"fr_FR\" \/>\n<meta property=\"og:type\" content=\"article\" \/>\n<meta property=\"og:title\" content=\"Affirmations r\u00e9voltantes dans la presse fran\u00e7aise au sujet de la Roumanie et du Centenaire de l&#039;Union. - ER News\" \/>\n<meta property=\"og:description\" content=\"La Roumanie et le Centenaire de l&rsquo;Union. Le jour m\u00eame de la f\u00eate nationale de Roumanie, sous le titre \u00ab\u00a0Histoire : la Roumanie naissai-t-il y a un si\u00e8cle\u00a0\u00bb, l&rsquo;hedomadaire Le Point publiait une interview avec l&rsquo;historienne Isabelle Davion dans laquelle celle-ci qualifiait le Royaume de Roumanie form\u00e9 en 1878 de royaume \u00ab frustr\u00e9 \u00bb. \u00a0Interrog\u00e9e [&hellip;]\" \/>\n<meta property=\"og:url\" content=\"https:\/\/www.elenarobu.md\/fr\/affirmations-revoltantes-dans-la-presse-francaise-au-sujet-de-la-roumanie-et-du-centenaire-de-lunion\/\" \/>\n<meta property=\"og:site_name\" content=\"ER News\" \/>\n<meta property=\"article:publisher\" content=\"https:\/\/www.facebook.com\/elenarobublog\/\" \/>\n<meta property=\"article:published_time\" content=\"2018-12-07T18:15:35+00:00\" \/>\n<meta property=\"article:modified_time\" content=\"2020-02-05T09:23:23+00:00\" \/>\n<meta property=\"og:image\" content=\"https:\/\/www.elenarobu.md\/wp-content\/uploads\/2018\/12\/romania-1-decembrie-unirea.jpg\" \/>\n\t<meta property=\"og:image:width\" content=\"700\" \/>\n\t<meta property=\"og:image:height\" content=\"336\" \/>\n\t<meta property=\"og:image:type\" content=\"image\/jpeg\" \/>\n<meta name=\"author\" content=\"Elena Robu\" \/>\n<meta name=\"twitter:card\" content=\"summary_large_image\" \/>\n<meta name=\"twitter:label1\" content=\"\u00c9crit par\" \/>\n\t<meta name=\"twitter:data1\" content=\"Elena Robu\" \/>\n\t<meta name=\"twitter:label2\" content=\"Dur\u00e9e de lecture estim\u00e9e\" \/>\n\t<meta name=\"twitter:data2\" content=\"3 minutes\" \/>\n<script type=\"application\/ld+json\" class=\"yoast-schema-graph\">{\"@context\":\"https:\\\/\\\/schema.org\",\"@graph\":[{\"@type\":\"Article\",\"@id\":\"https:\\\/\\\/www.elenarobu.md\\\/fr\\\/affirmations-revoltantes-dans-la-presse-francaise-au-sujet-de-la-roumanie-et-du-centenaire-de-lunion\\\/#article\",\"isPartOf\":{\"@id\":\"https:\\\/\\\/www.elenarobu.md\\\/fr\\\/affirmations-revoltantes-dans-la-presse-francaise-au-sujet-de-la-roumanie-et-du-centenaire-de-lunion\\\/\"},\"author\":{\"name\":\"Elena Robu\",\"@id\":\"https:\\\/\\\/www.elenarobu.md\\\/#\\\/schema\\\/person\\\/9177a589bcd326ddc335da2e8942e9c4\"},\"headline\":\"Affirmations r\u00e9voltantes dans la presse fran\u00e7aise au sujet de la Roumanie et du Centenaire de l&rsquo;Union.\",\"datePublished\":\"2018-12-07T18:15:35+00:00\",\"dateModified\":\"2020-02-05T09:23:23+00:00\",\"mainEntityOfPage\":{\"@id\":\"https:\\\/\\\/www.elenarobu.md\\\/fr\\\/affirmations-revoltantes-dans-la-presse-francaise-au-sujet-de-la-roumanie-et-du-centenaire-de-lunion\\\/\"},\"wordCount\":605,\"commentCount\":0,\"publisher\":{\"@id\":\"https:\\\/\\\/www.elenarobu.md\\\/#organization\"},\"image\":{\"@id\":\"https:\\\/\\\/www.elenarobu.md\\\/fr\\\/affirmations-revoltantes-dans-la-presse-francaise-au-sujet-de-la-roumanie-et-du-centenaire-de-lunion\\\/#primaryimage\"},\"thumbnailUrl\":\"https:\\\/\\\/www.elenarobu.md\\\/wp-content\\\/uploads\\\/2018\\\/12\\\/romania-1-decembrie-unirea.jpg\",\"articleSection\":[\"MOLDAVIE - FRANCE\",\"Roumanie\"],\"inLanguage\":\"fr-FR\",\"potentialAction\":[{\"@type\":\"CommentAction\",\"name\":\"Comment\",\"target\":[\"https:\\\/\\\/www.elenarobu.md\\\/fr\\\/affirmations-revoltantes-dans-la-presse-francaise-au-sujet-de-la-roumanie-et-du-centenaire-de-lunion\\\/#respond\"]}]},{\"@type\":\"WebPage\",\"@id\":\"https:\\\/\\\/www.elenarobu.md\\\/fr\\\/affirmations-revoltantes-dans-la-presse-francaise-au-sujet-de-la-roumanie-et-du-centenaire-de-lunion\\\/\",\"url\":\"https:\\\/\\\/www.elenarobu.md\\\/fr\\\/affirmations-revoltantes-dans-la-presse-francaise-au-sujet-de-la-roumanie-et-du-centenaire-de-lunion\\\/\",\"name\":\"Affirmations r\u00e9voltantes dans la presse fran\u00e7aise au sujet de la Roumanie et du Centenaire de l'Union. - ER News\",\"isPartOf\":{\"@id\":\"https:\\\/\\\/www.elenarobu.md\\\/#website\"},\"primaryImageOfPage\":{\"@id\":\"https:\\\/\\\/www.elenarobu.md\\\/fr\\\/affirmations-revoltantes-dans-la-presse-francaise-au-sujet-de-la-roumanie-et-du-centenaire-de-lunion\\\/#primaryimage\"},\"image\":{\"@id\":\"https:\\\/\\\/www.elenarobu.md\\\/fr\\\/affirmations-revoltantes-dans-la-presse-francaise-au-sujet-de-la-roumanie-et-du-centenaire-de-lunion\\\/#primaryimage\"},\"thumbnailUrl\":\"https:\\\/\\\/www.elenarobu.md\\\/wp-content\\\/uploads\\\/2018\\\/12\\\/romania-1-decembrie-unirea.jpg\",\"datePublished\":\"2018-12-07T18:15:35+00:00\",\"dateModified\":\"2020-02-05T09:23:23+00:00\",\"breadcrumb\":{\"@id\":\"https:\\\/\\\/www.elenarobu.md\\\/fr\\\/affirmations-revoltantes-dans-la-presse-francaise-au-sujet-de-la-roumanie-et-du-centenaire-de-lunion\\\/#breadcrumb\"},\"inLanguage\":\"fr-FR\",\"potentialAction\":[{\"@type\":\"ReadAction\",\"target\":[\"https:\\\/\\\/www.elenarobu.md\\\/fr\\\/affirmations-revoltantes-dans-la-presse-francaise-au-sujet-de-la-roumanie-et-du-centenaire-de-lunion\\\/\"]}]},{\"@type\":\"ImageObject\",\"inLanguage\":\"fr-FR\",\"@id\":\"https:\\\/\\\/www.elenarobu.md\\\/fr\\\/affirmations-revoltantes-dans-la-presse-francaise-au-sujet-de-la-roumanie-et-du-centenaire-de-lunion\\\/#primaryimage\",\"url\":\"https:\\\/\\\/www.elenarobu.md\\\/wp-content\\\/uploads\\\/2018\\\/12\\\/romania-1-decembrie-unirea.jpg\",\"contentUrl\":\"https:\\\/\\\/www.elenarobu.md\\\/wp-content\\\/uploads\\\/2018\\\/12\\\/romania-1-decembrie-unirea.jpg\",\"width\":700,\"height\":336},{\"@type\":\"BreadcrumbList\",\"@id\":\"https:\\\/\\\/www.elenarobu.md\\\/fr\\\/affirmations-revoltantes-dans-la-presse-francaise-au-sujet-de-la-roumanie-et-du-centenaire-de-lunion\\\/#breadcrumb\",\"itemListElement\":[{\"@type\":\"ListItem\",\"position\":1,\"name\":\"Prima pagin\u0103\",\"item\":\"https:\\\/\\\/www.elenarobu.md\\\/fr\\\/\"},{\"@type\":\"ListItem\",\"position\":2,\"name\":\"Affirmations r\u00e9voltantes dans la presse fran\u00e7aise au sujet de la Roumanie et du Centenaire de l&rsquo;Union.\"}]},{\"@type\":\"WebSite\",\"@id\":\"https:\\\/\\\/www.elenarobu.md\\\/#website\",\"url\":\"https:\\\/\\\/www.elenarobu.md\\\/\",\"name\":\"ER News\",\"description\":\"Mes Informations L'information est le pouvoir! \\r\\nVotre pouvoir est votre source!\",\"publisher\":{\"@id\":\"https:\\\/\\\/www.elenarobu.md\\\/#organization\"},\"potentialAction\":[{\"@type\":\"SearchAction\",\"target\":{\"@type\":\"EntryPoint\",\"urlTemplate\":\"https:\\\/\\\/www.elenarobu.md\\\/?s={search_term_string}\"},\"query-input\":{\"@type\":\"PropertyValueSpecification\",\"valueRequired\":true,\"valueName\":\"search_term_string\"}}],\"inLanguage\":\"fr-FR\"},{\"@type\":\"Organization\",\"@id\":\"https:\\\/\\\/www.elenarobu.md\\\/#organization\",\"name\":\"ER News - Primul Portal de \u015etiri din Diaspora\",\"url\":\"https:\\\/\\\/www.elenarobu.md\\\/\",\"logo\":{\"@type\":\"ImageObject\",\"inLanguage\":\"fr-FR\",\"@id\":\"https:\\\/\\\/www.elenarobu.md\\\/#\\\/schema\\\/logo\\\/image\\\/\",\"url\":\"https:\\\/\\\/www.elenarobu.md\\\/wp-content\\\/uploads\\\/2019\\\/03\\\/Favicon-ER-News.png\",\"contentUrl\":\"https:\\\/\\\/www.elenarobu.md\\\/wp-content\\\/uploads\\\/2019\\\/03\\\/Favicon-ER-News.png\",\"width\":512,\"height\":512,\"caption\":\"ER News - Primul Portal de \u015etiri din Diaspora\"},\"image\":{\"@id\":\"https:\\\/\\\/www.elenarobu.md\\\/#\\\/schema\\\/logo\\\/image\\\/\"},\"sameAs\":[\"https:\\\/\\\/www.facebook.com\\\/elenarobublog\\\/\"]},{\"@type\":\"Person\",\"@id\":\"https:\\\/\\\/www.elenarobu.md\\\/#\\\/schema\\\/person\\\/9177a589bcd326ddc335da2e8942e9c4\",\"name\":\"Elena Robu\",\"image\":{\"@type\":\"ImageObject\",\"inLanguage\":\"fr-FR\",\"@id\":\"https:\\\/\\\/secure.gravatar.com\\\/avatar\\\/e6b204c39044aff7eeb99445db791730fb5f3a59a85b0eeeb670233e833e5f03?s=96&d=mm&r=g\",\"url\":\"https:\\\/\\\/secure.gravatar.com\\\/avatar\\\/e6b204c39044aff7eeb99445db791730fb5f3a59a85b0eeeb670233e833e5f03?s=96&d=mm&r=g\",\"contentUrl\":\"https:\\\/\\\/secure.gravatar.com\\\/avatar\\\/e6b204c39044aff7eeb99445db791730fb5f3a59a85b0eeeb670233e833e5f03?s=96&d=mm&r=g\",\"caption\":\"Elena Robu\"}}]}<\/script>\n<!-- \/ Yoast SEO plugin. -->","yoast_head_json":{"title":"Affirmations r\u00e9voltantes dans la presse fran\u00e7aise au sujet de la Roumanie et du Centenaire de l'Union. - ER News","robots":{"index":"index","follow":"follow","max-snippet":"max-snippet:-1","max-image-preview":"max-image-preview:large","max-video-preview":"max-video-preview:-1"},"canonical":"https:\/\/www.elenarobu.md\/fr\/affirmations-revoltantes-dans-la-presse-francaise-au-sujet-de-la-roumanie-et-du-centenaire-de-lunion\/","og_locale":"fr_FR","og_type":"article","og_title":"Affirmations r\u00e9voltantes dans la presse fran\u00e7aise au sujet de la Roumanie et du Centenaire de l'Union. - ER News","og_description":"La Roumanie et le Centenaire de l&rsquo;Union. Le jour m\u00eame de la f\u00eate nationale de Roumanie, sous le titre \u00ab\u00a0Histoire : la Roumanie naissai-t-il y a un si\u00e8cle\u00a0\u00bb, l&rsquo;hedomadaire Le Point publiait une interview avec l&rsquo;historienne Isabelle Davion dans laquelle celle-ci qualifiait le Royaume de Roumanie form\u00e9 en 1878 de royaume \u00ab frustr\u00e9 \u00bb. \u00a0Interrog\u00e9e [&hellip;]","og_url":"https:\/\/www.elenarobu.md\/fr\/affirmations-revoltantes-dans-la-presse-francaise-au-sujet-de-la-roumanie-et-du-centenaire-de-lunion\/","og_site_name":"ER News","article_publisher":"https:\/\/www.facebook.com\/elenarobublog\/","article_published_time":"2018-12-07T18:15:35+00:00","article_modified_time":"2020-02-05T09:23:23+00:00","og_image":[{"width":700,"height":336,"url":"https:\/\/www.elenarobu.md\/wp-content\/uploads\/2018\/12\/romania-1-decembrie-unirea.jpg","type":"image\/jpeg"}],"author":"Elena Robu","twitter_card":"summary_large_image","twitter_misc":{"\u00c9crit par":"Elena Robu","Dur\u00e9e de lecture estim\u00e9e":"3 minutes"},"schema":{"@context":"https:\/\/schema.org","@graph":[{"@type":"Article","@id":"https:\/\/www.elenarobu.md\/fr\/affirmations-revoltantes-dans-la-presse-francaise-au-sujet-de-la-roumanie-et-du-centenaire-de-lunion\/#article","isPartOf":{"@id":"https:\/\/www.elenarobu.md\/fr\/affirmations-revoltantes-dans-la-presse-francaise-au-sujet-de-la-roumanie-et-du-centenaire-de-lunion\/"},"author":{"name":"Elena Robu","@id":"https:\/\/www.elenarobu.md\/#\/schema\/person\/9177a589bcd326ddc335da2e8942e9c4"},"headline":"Affirmations r\u00e9voltantes dans la presse fran\u00e7aise au sujet de la Roumanie et du Centenaire de l&rsquo;Union.","datePublished":"2018-12-07T18:15:35+00:00","dateModified":"2020-02-05T09:23:23+00:00","mainEntityOfPage":{"@id":"https:\/\/www.elenarobu.md\/fr\/affirmations-revoltantes-dans-la-presse-francaise-au-sujet-de-la-roumanie-et-du-centenaire-de-lunion\/"},"wordCount":605,"commentCount":0,"publisher":{"@id":"https:\/\/www.elenarobu.md\/#organization"},"image":{"@id":"https:\/\/www.elenarobu.md\/fr\/affirmations-revoltantes-dans-la-presse-francaise-au-sujet-de-la-roumanie-et-du-centenaire-de-lunion\/#primaryimage"},"thumbnailUrl":"https:\/\/www.elenarobu.md\/wp-content\/uploads\/2018\/12\/romania-1-decembrie-unirea.jpg","articleSection":["MOLDAVIE - FRANCE","Roumanie"],"inLanguage":"fr-FR","potentialAction":[{"@type":"CommentAction","name":"Comment","target":["https:\/\/www.elenarobu.md\/fr\/affirmations-revoltantes-dans-la-presse-francaise-au-sujet-de-la-roumanie-et-du-centenaire-de-lunion\/#respond"]}]},{"@type":"WebPage","@id":"https:\/\/www.elenarobu.md\/fr\/affirmations-revoltantes-dans-la-presse-francaise-au-sujet-de-la-roumanie-et-du-centenaire-de-lunion\/","url":"https:\/\/www.elenarobu.md\/fr\/affirmations-revoltantes-dans-la-presse-francaise-au-sujet-de-la-roumanie-et-du-centenaire-de-lunion\/","name":"Affirmations r\u00e9voltantes dans la presse fran\u00e7aise au sujet de la Roumanie et du Centenaire de l'Union. - ER News","isPartOf":{"@id":"https:\/\/www.elenarobu.md\/#website"},"primaryImageOfPage":{"@id":"https:\/\/www.elenarobu.md\/fr\/affirmations-revoltantes-dans-la-presse-francaise-au-sujet-de-la-roumanie-et-du-centenaire-de-lunion\/#primaryimage"},"image":{"@id":"https:\/\/www.elenarobu.md\/fr\/affirmations-revoltantes-dans-la-presse-francaise-au-sujet-de-la-roumanie-et-du-centenaire-de-lunion\/#primaryimage"},"thumbnailUrl":"https:\/\/www.elenarobu.md\/wp-content\/uploads\/2018\/12\/romania-1-decembrie-unirea.jpg","datePublished":"2018-12-07T18:15:35+00:00","dateModified":"2020-02-05T09:23:23+00:00","breadcrumb":{"@id":"https:\/\/www.elenarobu.md\/fr\/affirmations-revoltantes-dans-la-presse-francaise-au-sujet-de-la-roumanie-et-du-centenaire-de-lunion\/#breadcrumb"},"inLanguage":"fr-FR","potentialAction":[{"@type":"ReadAction","target":["https:\/\/www.elenarobu.md\/fr\/affirmations-revoltantes-dans-la-presse-francaise-au-sujet-de-la-roumanie-et-du-centenaire-de-lunion\/"]}]},{"@type":"ImageObject","inLanguage":"fr-FR","@id":"https:\/\/www.elenarobu.md\/fr\/affirmations-revoltantes-dans-la-presse-francaise-au-sujet-de-la-roumanie-et-du-centenaire-de-lunion\/#primaryimage","url":"https:\/\/www.elenarobu.md\/wp-content\/uploads\/2018\/12\/romania-1-decembrie-unirea.jpg","contentUrl":"https:\/\/www.elenarobu.md\/wp-content\/uploads\/2018\/12\/romania-1-decembrie-unirea.jpg","width":700,"height":336},{"@type":"BreadcrumbList","@id":"https:\/\/www.elenarobu.md\/fr\/affirmations-revoltantes-dans-la-presse-francaise-au-sujet-de-la-roumanie-et-du-centenaire-de-lunion\/#breadcrumb","itemListElement":[{"@type":"ListItem","position":1,"name":"Prima pagin\u0103","item":"https:\/\/www.elenarobu.md\/fr\/"},{"@type":"ListItem","position":2,"name":"Affirmations r\u00e9voltantes dans la presse fran\u00e7aise au sujet de la Roumanie et du Centenaire de l&rsquo;Union."}]},{"@type":"WebSite","@id":"https:\/\/www.elenarobu.md\/#website","url":"https:\/\/www.elenarobu.md\/","name":"ER News","description":"Mes Informations L'information est le pouvoir! \r\nVotre pouvoir est votre source!","publisher":{"@id":"https:\/\/www.elenarobu.md\/#organization"},"potentialAction":[{"@type":"SearchAction","target":{"@type":"EntryPoint","urlTemplate":"https:\/\/www.elenarobu.md\/?s={search_term_string}"},"query-input":{"@type":"PropertyValueSpecification","valueRequired":true,"valueName":"search_term_string"}}],"inLanguage":"fr-FR"},{"@type":"Organization","@id":"https:\/\/www.elenarobu.md\/#organization","name":"ER News - Primul Portal de \u015etiri din Diaspora","url":"https:\/\/www.elenarobu.md\/","logo":{"@type":"ImageObject","inLanguage":"fr-FR","@id":"https:\/\/www.elenarobu.md\/#\/schema\/logo\/image\/","url":"https:\/\/www.elenarobu.md\/wp-content\/uploads\/2019\/03\/Favicon-ER-News.png","contentUrl":"https:\/\/www.elenarobu.md\/wp-content\/uploads\/2019\/03\/Favicon-ER-News.png","width":512,"height":512,"caption":"ER News - Primul Portal de \u015etiri din Diaspora"},"image":{"@id":"https:\/\/www.elenarobu.md\/#\/schema\/logo\/image\/"},"sameAs":["https:\/\/www.facebook.com\/elenarobublog\/"]},{"@type":"Person","@id":"https:\/\/www.elenarobu.md\/#\/schema\/person\/9177a589bcd326ddc335da2e8942e9c4","name":"Elena Robu","image":{"@type":"ImageObject","inLanguage":"fr-FR","@id":"https:\/\/secure.gravatar.com\/avatar\/e6b204c39044aff7eeb99445db791730fb5f3a59a85b0eeeb670233e833e5f03?s=96&d=mm&r=g","url":"https:\/\/secure.gravatar.com\/avatar\/e6b204c39044aff7eeb99445db791730fb5f3a59a85b0eeeb670233e833e5f03?s=96&d=mm&r=g","contentUrl":"https:\/\/secure.gravatar.com\/avatar\/e6b204c39044aff7eeb99445db791730fb5f3a59a85b0eeeb670233e833e5f03?s=96&d=mm&r=g","caption":"Elena Robu"}}]}},"_links":{"self":[{"href":"https:\/\/www.elenarobu.md\/fr\/wp-json\/wp\/v2\/posts\/12936","targetHints":{"allow":["GET"]}}],"collection":[{"href":"https:\/\/www.elenarobu.md\/fr\/wp-json\/wp\/v2\/posts"}],"about":[{"href":"https:\/\/www.elenarobu.md\/fr\/wp-json\/wp\/v2\/types\/post"}],"author":[{"embeddable":true,"href":"https:\/\/www.elenarobu.md\/fr\/wp-json\/wp\/v2\/users\/2"}],"replies":[{"embeddable":true,"href":"https:\/\/www.elenarobu.md\/fr\/wp-json\/wp\/v2\/comments?post=12936"}],"version-history":[{"count":8,"href":"https:\/\/www.elenarobu.md\/fr\/wp-json\/wp\/v2\/posts\/12936\/revisions"}],"predecessor-version":[{"id":12947,"href":"https:\/\/www.elenarobu.md\/fr\/wp-json\/wp\/v2\/posts\/12936\/revisions\/12947"}],"wp:featuredmedia":[{"embeddable":true,"href":"https:\/\/www.elenarobu.md\/fr\/wp-json\/wp\/v2\/media\/12846"}],"wp:attachment":[{"href":"https:\/\/www.elenarobu.md\/fr\/wp-json\/wp\/v2\/media?parent=12936"}],"wp:term":[{"taxonomy":"category","embeddable":true,"href":"https:\/\/www.elenarobu.md\/fr\/wp-json\/wp\/v2\/categories?post=12936"},{"taxonomy":"post_tag","embeddable":true,"href":"https:\/\/www.elenarobu.md\/fr\/wp-json\/wp\/v2\/tags?post=12936"}],"curies":[{"name":"wp","href":"https:\/\/api.w.org\/{rel}","templated":true}]}}