{"id":7186,"date":"2018-03-15T23:51:29","date_gmt":"2018-03-15T21:51:29","guid":{"rendered":"https:\/\/elenarobu.md\/?p=7186"},"modified":"2020-02-05T11:29:20","modified_gmt":"2020-02-05T09:29:20","slug":"la-grande-image-de-la-diplomatie-moldave-ou-comment-lambassade-de-france-a-chisinau-a-t-elle-su-resister-a-un-chantier-de-construction","status":"publish","type":"post","link":"https:\/\/www.elenarobu.md\/fr\/la-grande-image-de-la-diplomatie-moldave-ou-comment-lambassade-de-france-a-chisinau-a-t-elle-su-resister-a-un-chantier-de-construction\/","title":{"rendered":"La \u201dgrande\u201d image de la diplomatie moldave ou comment l&rsquo;ambassade de France \u00e0 Chi\u0219in\u0103u a-t-elle su r\u00e9sister \u00e0 un chantier de construction?"},"content":{"rendered":"<p>La situation embarrassante autour du si\u00e8ge de l&rsquo;ambassade de France \u00e0 Chi\u0219in\u0103u dure depuis deux ans d\u00e9j\u00e0. D\u00e9s le d\u00e9but de 2014, la mission dimplomatique op\u00e8re aux milieu d&rsquo;un chantier de construction. Aujourd&rsquo;hui, le bloc de logements super luxueux autour de l&rsquo;ambassade de France \u00e0 Chi\u0219in\u0103u est presque pr\u00eat. La construction de ce complexe r\u00e9sidentiel a d\u00e9but\u00e9 sans autorisation.<\/p>\n<p>L&rsquo;ambassadeur de France \u00e0 Chi\u0219in\u0103u \u00e0 l&rsquo;epoque, Pascal Vagogne, a d\u00e9nonc\u00e9 ce chantier comme un travail qui affecte sa s\u00e9curit\u00e9 et cr\u00e9e des problemes g\u00e9n\u00e9raux pour le bon fonctionnement de l&rsquo;ambassade. Ensuite, le diplomate a d\u00e9clar\u00e9 \u00e0 la presse que le travail sur le chantier avait endommag\u00e9 le toit du quartier g\u00e9n\u00e9ral de la mission diplomatique. Et ceci dans le contexte post-attentats de Paris d\u00e9s dernieres ann\u00e9es, periode \u00e0 laquelle les autorit\u00e9s moldaves ont ordonn\u00e9 la protection accrue des \u00e9difices dans lequels se trouvent les bureaux de l&rsquo;Etat fran\u00e7ais. D&rsquo;un c\u00f4t\u00e9 il y a les belles d\u00e9clarations et de l&rsquo;autre la r\u00e9alit\u00e9.<\/p>\n<p><img loading=\"lazy\" decoding=\"async\" class=\"alignnone wp-image-6873\" src=\"https:\/\/elenarobu.md\/wp-content\/uploads\/2018\/02\/20180219_094103-EFFECTS-300x164.jpg\" alt=\"\" width=\"639\" height=\"347\" srcset=\"https:\/\/www.elenarobu.md\/wp-content\/uploads\/2018\/02\/20180219_094103-EFFECTS-300x164.jpg 300w, https:\/\/www.elenarobu.md\/wp-content\/uploads\/2018\/02\/20180219_094103-EFFECTS-1024x558.jpg 1024w\" sizes=\"auto, (max-width: 639px) 100vw, 639px\" \/><br \/>\nPendant cette p\u00e9riode de deux ans, l&rsquo;ambassade a cherch\u00e9 un autre lieu pour d\u00e9m\u00e9nager, mais pour l&rsquo;instant sans aucun r\u00e9sultat. Trois \u00e9difices ont \u00e9t\u00e9 identifi\u00e9s, mais Paris a donn\u00e9 un avis n\u00e9gatif. Donc, jusqu&rsquo;aujourd&rsquo;hui rien n&rsquo;a \u00e9t\u00e9 trouv\u00e9 pour la mission diplomatique. L&rsquo;information a \u00e9t\u00e9 confirm\u00e9e par le chef de l&rsquo;Agence d&rsquo;inspection et de la restauration des monuments, Ion \u0218tef\u0103ni\u021b\u0103, qui a d\u00e9clar\u00e9 au blog www.elenarobu.md ne pas avoir trouv\u00e9 de locaux pour la mission diplomatique.<\/p>\n<p>La situation autour du si\u00e8ge de la mission diplomatique fran\u00e7aise \u00e0 Chi\u0219in\u0103u semble donc fig\u00e9e pour le moment. Le nouvel ambassadeur de France \u00e0 Chi\u0219in\u0103u, Pascal Le Deunff est-il plus impliqu\u00e9? Une premi\u00e8re rencontre avec le dirigeant de ce pays, le dirigeant du PD, Vlad Plahotniuc, a d\u00e9j\u00e0 eu lieu. Lui a-t-il parl\u00e9 de ces ill\u00e9galit\u00e9s qui se produisent sous les yeux d&rsquo;un pays comme la France, qui semble pour l&rsquo;instant \u00eatre un leader de l&rsquo;Union Europ\u00e9enne? Et quelle r\u00e9ponse a-t-il re\u00e7ue? Dans quelle mesure les institutions r\u00e9form\u00e9es de l&rsquo;Etat moldave fonctionnent-elles?<\/p>\n<p>Le complexe r\u00e9sidentiel actuel et les conditions de fonctionement de l&rsquo;ambassade de France \u00e0 Chi\u0219in\u0103u.<\/p>\n<p><img loading=\"lazy\" decoding=\"async\" class=\"alignnone size-medium wp-image-6871\" src=\"https:\/\/elenarobu.md\/wp-content\/uploads\/2018\/02\/20180219_094011-300x169.jpg\" alt=\"\" width=\"300\" height=\"169\" srcset=\"https:\/\/www.elenarobu.md\/wp-content\/uploads\/2018\/02\/20180219_094011-300x169.jpg 300w, https:\/\/www.elenarobu.md\/wp-content\/uploads\/2018\/02\/20180219_094011-768x432.jpg 768w, https:\/\/www.elenarobu.md\/wp-content\/uploads\/2018\/02\/20180219_094011-1024x576.jpg 1024w\" sizes=\"auto, (max-width: 300px) 100vw, 300px\" \/><img loading=\"lazy\" decoding=\"async\" class=\"alignnone size-medium wp-image-6872\" src=\"https:\/\/elenarobu.md\/wp-content\/uploads\/2018\/02\/20180219_094037-300x169.jpg\" alt=\"\" width=\"300\" height=\"169\" srcset=\"https:\/\/www.elenarobu.md\/wp-content\/uploads\/2018\/02\/20180219_094037-300x169.jpg 300w, https:\/\/www.elenarobu.md\/wp-content\/uploads\/2018\/02\/20180219_094037-768x432.jpg 768w, https:\/\/www.elenarobu.md\/wp-content\/uploads\/2018\/02\/20180219_094037-1024x576.jpg 1024w\" sizes=\"auto, (max-width: 300px) 100vw, 300px\" \/><\/p>\n<p>La mission diplomatique a r\u00e9sist\u00e9 a tout les b\u00e9tonnieres et a toute l&rsquo;activit\u00e9 sur le chantier de ce luxueux complexe r\u00e9sidentiel. Il a r\u00e9sist\u00e9 avec patience dans un pays o\u00f9 les illegalit\u00e9s ne semblent plus \u00e9tonner personne.<\/p>\n<p>Mais nous? Nous, qui voulons rejoindre l&rsquo;UE, comment nous pr\u00e9sentons nous une fois de plus aux yeux de la France aujourd&rsquo;hui? Nous, qui sommes francophones et bons amis&#8230;<\/p>\n","protected":false},"excerpt":{"rendered":"<p>La situation embarrassante autour du si\u00e8ge de l&rsquo;ambassade de France \u00e0 Chi\u0219in\u0103u dure depuis deux ans d\u00e9j\u00e0. D\u00e9s le d\u00e9but de 2014, la mission dimplomatique op\u00e8re aux milieu d&rsquo;un chantier de construction. Aujourd&rsquo;hui, le bloc de logements super luxueux autour de l&rsquo;ambassade de France \u00e0 Chi\u0219in\u0103u est presque pr\u00eat. La construction de ce complexe r\u00e9sidentiel [&hellip;]<\/p>\n","protected":false},"author":2,"featured_media":6874,"comment_status":"open","ping_status":"open","sticky":false,"template":"","format":"standard","meta":{"footnotes":""},"categories":[4589,1245],"tags":[],"class_list":["post-7186","post","type-post","status-publish","format-standard","has-post-thumbnail","hentry","category-moldavie","category-moldavie-france"],"yoast_head":"<!-- This site is optimized with the Yoast SEO plugin v27.4 - https:\/\/yoast.com\/product\/yoast-seo-wordpress\/ -->\n<title>La \u201dgrande\u201d image de la diplomatie moldave ou comment l&#039;ambassade de France \u00e0 Chi\u0219in\u0103u a-t-elle su r\u00e9sister \u00e0 un chantier de construction? - ER News<\/title>\n<meta name=\"robots\" content=\"index, follow, max-snippet:-1, max-image-preview:large, max-video-preview:-1\" \/>\n<link rel=\"canonical\" href=\"https:\/\/www.elenarobu.md\/fr\/la-grande-image-de-la-diplomatie-moldave-ou-comment-lambassade-de-france-a-chisinau-a-t-elle-su-resister-a-un-chantier-de-construction\/\" \/>\n<meta property=\"og:locale\" content=\"fr_FR\" \/>\n<meta property=\"og:type\" content=\"article\" \/>\n<meta property=\"og:title\" content=\"La \u201dgrande\u201d image de la diplomatie moldave ou comment l&#039;ambassade de France \u00e0 Chi\u0219in\u0103u a-t-elle su r\u00e9sister \u00e0 un chantier de construction? - ER News\" \/>\n<meta property=\"og:description\" content=\"La situation embarrassante autour du si\u00e8ge de l&rsquo;ambassade de France \u00e0 Chi\u0219in\u0103u dure depuis deux ans d\u00e9j\u00e0. D\u00e9s le d\u00e9but de 2014, la mission dimplomatique op\u00e8re aux milieu d&rsquo;un chantier de construction. Aujourd&rsquo;hui, le bloc de logements super luxueux autour de l&rsquo;ambassade de France \u00e0 Chi\u0219in\u0103u est presque pr\u00eat. La construction de ce complexe r\u00e9sidentiel [&hellip;]\" \/>\n<meta property=\"og:url\" content=\"https:\/\/www.elenarobu.md\/fr\/la-grande-image-de-la-diplomatie-moldave-ou-comment-lambassade-de-france-a-chisinau-a-t-elle-su-resister-a-un-chantier-de-construction\/\" \/>\n<meta property=\"og:site_name\" content=\"ER News\" \/>\n<meta property=\"article:publisher\" content=\"https:\/\/www.facebook.com\/elenarobublog\/\" \/>\n<meta property=\"article:published_time\" content=\"2018-03-15T21:51:29+00:00\" \/>\n<meta property=\"article:modified_time\" content=\"2020-02-05T09:29:20+00:00\" \/>\n<meta property=\"og:image\" content=\"https:\/\/www.elenarobu.md\/wp-content\/uploads\/2018\/02\/ambasada-frantei.jpg\" \/>\n\t<meta property=\"og:image:width\" content=\"700\" \/>\n\t<meta property=\"og:image:height\" content=\"525\" \/>\n\t<meta property=\"og:image:type\" content=\"image\/jpeg\" \/>\n<meta name=\"author\" content=\"Elena Robu\" \/>\n<meta name=\"twitter:card\" content=\"summary_large_image\" \/>\n<meta name=\"twitter:label1\" content=\"\u00c9crit par\" \/>\n\t<meta name=\"twitter:data1\" content=\"Elena Robu\" \/>\n\t<meta name=\"twitter:label2\" content=\"Dur\u00e9e de lecture estim\u00e9e\" \/>\n\t<meta name=\"twitter:data2\" content=\"2 minutes\" \/>\n<script type=\"application\/ld+json\" class=\"yoast-schema-graph\">{\"@context\":\"https:\\\/\\\/schema.org\",\"@graph\":[{\"@type\":\"Article\",\"@id\":\"https:\\\/\\\/www.elenarobu.md\\\/fr\\\/la-grande-image-de-la-diplomatie-moldave-ou-comment-lambassade-de-france-a-chisinau-a-t-elle-su-resister-a-un-chantier-de-construction\\\/#article\",\"isPartOf\":{\"@id\":\"https:\\\/\\\/www.elenarobu.md\\\/fr\\\/la-grande-image-de-la-diplomatie-moldave-ou-comment-lambassade-de-france-a-chisinau-a-t-elle-su-resister-a-un-chantier-de-construction\\\/\"},\"author\":{\"name\":\"Elena Robu\",\"@id\":\"https:\\\/\\\/www.elenarobu.md\\\/#\\\/schema\\\/person\\\/9177a589bcd326ddc335da2e8942e9c4\"},\"headline\":\"La \u201dgrande\u201d image de la diplomatie moldave ou comment l&rsquo;ambassade de France \u00e0 Chi\u0219in\u0103u a-t-elle su r\u00e9sister \u00e0 un chantier de construction?\",\"datePublished\":\"2018-03-15T21:51:29+00:00\",\"dateModified\":\"2020-02-05T09:29:20+00:00\",\"mainEntityOfPage\":{\"@id\":\"https:\\\/\\\/www.elenarobu.md\\\/fr\\\/la-grande-image-de-la-diplomatie-moldave-ou-comment-lambassade-de-france-a-chisinau-a-t-elle-su-resister-a-un-chantier-de-construction\\\/\"},\"wordCount\":514,\"commentCount\":0,\"publisher\":{\"@id\":\"https:\\\/\\\/www.elenarobu.md\\\/#organization\"},\"image\":{\"@id\":\"https:\\\/\\\/www.elenarobu.md\\\/fr\\\/la-grande-image-de-la-diplomatie-moldave-ou-comment-lambassade-de-france-a-chisinau-a-t-elle-su-resister-a-un-chantier-de-construction\\\/#primaryimage\"},\"thumbnailUrl\":\"https:\\\/\\\/www.elenarobu.md\\\/wp-content\\\/uploads\\\/2018\\\/02\\\/ambasada-frantei.jpg\",\"articleSection\":[\"Moldavie\",\"MOLDAVIE - FRANCE\"],\"inLanguage\":\"fr-FR\",\"potentialAction\":[{\"@type\":\"CommentAction\",\"name\":\"Comment\",\"target\":[\"https:\\\/\\\/www.elenarobu.md\\\/fr\\\/la-grande-image-de-la-diplomatie-moldave-ou-comment-lambassade-de-france-a-chisinau-a-t-elle-su-resister-a-un-chantier-de-construction\\\/#respond\"]}]},{\"@type\":\"WebPage\",\"@id\":\"https:\\\/\\\/www.elenarobu.md\\\/fr\\\/la-grande-image-de-la-diplomatie-moldave-ou-comment-lambassade-de-france-a-chisinau-a-t-elle-su-resister-a-un-chantier-de-construction\\\/\",\"url\":\"https:\\\/\\\/www.elenarobu.md\\\/fr\\\/la-grande-image-de-la-diplomatie-moldave-ou-comment-lambassade-de-france-a-chisinau-a-t-elle-su-resister-a-un-chantier-de-construction\\\/\",\"name\":\"La \u201dgrande\u201d image de la diplomatie moldave ou comment l'ambassade de France \u00e0 Chi\u0219in\u0103u a-t-elle su r\u00e9sister \u00e0 un chantier de construction? - ER News\",\"isPartOf\":{\"@id\":\"https:\\\/\\\/www.elenarobu.md\\\/#website\"},\"primaryImageOfPage\":{\"@id\":\"https:\\\/\\\/www.elenarobu.md\\\/fr\\\/la-grande-image-de-la-diplomatie-moldave-ou-comment-lambassade-de-france-a-chisinau-a-t-elle-su-resister-a-un-chantier-de-construction\\\/#primaryimage\"},\"image\":{\"@id\":\"https:\\\/\\\/www.elenarobu.md\\\/fr\\\/la-grande-image-de-la-diplomatie-moldave-ou-comment-lambassade-de-france-a-chisinau-a-t-elle-su-resister-a-un-chantier-de-construction\\\/#primaryimage\"},\"thumbnailUrl\":\"https:\\\/\\\/www.elenarobu.md\\\/wp-content\\\/uploads\\\/2018\\\/02\\\/ambasada-frantei.jpg\",\"datePublished\":\"2018-03-15T21:51:29+00:00\",\"dateModified\":\"2020-02-05T09:29:20+00:00\",\"breadcrumb\":{\"@id\":\"https:\\\/\\\/www.elenarobu.md\\\/fr\\\/la-grande-image-de-la-diplomatie-moldave-ou-comment-lambassade-de-france-a-chisinau-a-t-elle-su-resister-a-un-chantier-de-construction\\\/#breadcrumb\"},\"inLanguage\":\"fr-FR\",\"potentialAction\":[{\"@type\":\"ReadAction\",\"target\":[\"https:\\\/\\\/www.elenarobu.md\\\/fr\\\/la-grande-image-de-la-diplomatie-moldave-ou-comment-lambassade-de-france-a-chisinau-a-t-elle-su-resister-a-un-chantier-de-construction\\\/\"]}]},{\"@type\":\"ImageObject\",\"inLanguage\":\"fr-FR\",\"@id\":\"https:\\\/\\\/www.elenarobu.md\\\/fr\\\/la-grande-image-de-la-diplomatie-moldave-ou-comment-lambassade-de-france-a-chisinau-a-t-elle-su-resister-a-un-chantier-de-construction\\\/#primaryimage\",\"url\":\"https:\\\/\\\/www.elenarobu.md\\\/wp-content\\\/uploads\\\/2018\\\/02\\\/ambasada-frantei.jpg\",\"contentUrl\":\"https:\\\/\\\/www.elenarobu.md\\\/wp-content\\\/uploads\\\/2018\\\/02\\\/ambasada-frantei.jpg\",\"width\":700,\"height\":525},{\"@type\":\"BreadcrumbList\",\"@id\":\"https:\\\/\\\/www.elenarobu.md\\\/fr\\\/la-grande-image-de-la-diplomatie-moldave-ou-comment-lambassade-de-france-a-chisinau-a-t-elle-su-resister-a-un-chantier-de-construction\\\/#breadcrumb\",\"itemListElement\":[{\"@type\":\"ListItem\",\"position\":1,\"name\":\"Prima pagin\u0103\",\"item\":\"https:\\\/\\\/www.elenarobu.md\\\/fr\\\/\"},{\"@type\":\"ListItem\",\"position\":2,\"name\":\"La \u201dgrande\u201d image de la diplomatie moldave ou comment l&rsquo;ambassade de France \u00e0 Chi\u0219in\u0103u a-t-elle su r\u00e9sister \u00e0 un chantier de construction?\"}]},{\"@type\":\"WebSite\",\"@id\":\"https:\\\/\\\/www.elenarobu.md\\\/#website\",\"url\":\"https:\\\/\\\/www.elenarobu.md\\\/\",\"name\":\"ER News\",\"description\":\"Mes Informations L'information est le pouvoir! \\r\\nVotre pouvoir est votre source!\",\"publisher\":{\"@id\":\"https:\\\/\\\/www.elenarobu.md\\\/#organization\"},\"potentialAction\":[{\"@type\":\"SearchAction\",\"target\":{\"@type\":\"EntryPoint\",\"urlTemplate\":\"https:\\\/\\\/www.elenarobu.md\\\/?s={search_term_string}\"},\"query-input\":{\"@type\":\"PropertyValueSpecification\",\"valueRequired\":true,\"valueName\":\"search_term_string\"}}],\"inLanguage\":\"fr-FR\"},{\"@type\":\"Organization\",\"@id\":\"https:\\\/\\\/www.elenarobu.md\\\/#organization\",\"name\":\"ER News - Primul Portal de \u015etiri din Diaspora\",\"url\":\"https:\\\/\\\/www.elenarobu.md\\\/\",\"logo\":{\"@type\":\"ImageObject\",\"inLanguage\":\"fr-FR\",\"@id\":\"https:\\\/\\\/www.elenarobu.md\\\/#\\\/schema\\\/logo\\\/image\\\/\",\"url\":\"https:\\\/\\\/www.elenarobu.md\\\/wp-content\\\/uploads\\\/2019\\\/03\\\/Favicon-ER-News.png\",\"contentUrl\":\"https:\\\/\\\/www.elenarobu.md\\\/wp-content\\\/uploads\\\/2019\\\/03\\\/Favicon-ER-News.png\",\"width\":512,\"height\":512,\"caption\":\"ER News - Primul Portal de \u015etiri din Diaspora\"},\"image\":{\"@id\":\"https:\\\/\\\/www.elenarobu.md\\\/#\\\/schema\\\/logo\\\/image\\\/\"},\"sameAs\":[\"https:\\\/\\\/www.facebook.com\\\/elenarobublog\\\/\"]},{\"@type\":\"Person\",\"@id\":\"https:\\\/\\\/www.elenarobu.md\\\/#\\\/schema\\\/person\\\/9177a589bcd326ddc335da2e8942e9c4\",\"name\":\"Elena Robu\",\"image\":{\"@type\":\"ImageObject\",\"inLanguage\":\"fr-FR\",\"@id\":\"https:\\\/\\\/secure.gravatar.com\\\/avatar\\\/e6b204c39044aff7eeb99445db791730fb5f3a59a85b0eeeb670233e833e5f03?s=96&d=mm&r=g\",\"url\":\"https:\\\/\\\/secure.gravatar.com\\\/avatar\\\/e6b204c39044aff7eeb99445db791730fb5f3a59a85b0eeeb670233e833e5f03?s=96&d=mm&r=g\",\"contentUrl\":\"https:\\\/\\\/secure.gravatar.com\\\/avatar\\\/e6b204c39044aff7eeb99445db791730fb5f3a59a85b0eeeb670233e833e5f03?s=96&d=mm&r=g\",\"caption\":\"Elena Robu\"}}]}<\/script>\n<!-- \/ Yoast SEO plugin. -->","yoast_head_json":{"title":"La \u201dgrande\u201d image de la diplomatie moldave ou comment l'ambassade de France \u00e0 Chi\u0219in\u0103u a-t-elle su r\u00e9sister \u00e0 un chantier de construction? - ER News","robots":{"index":"index","follow":"follow","max-snippet":"max-snippet:-1","max-image-preview":"max-image-preview:large","max-video-preview":"max-video-preview:-1"},"canonical":"https:\/\/www.elenarobu.md\/fr\/la-grande-image-de-la-diplomatie-moldave-ou-comment-lambassade-de-france-a-chisinau-a-t-elle-su-resister-a-un-chantier-de-construction\/","og_locale":"fr_FR","og_type":"article","og_title":"La \u201dgrande\u201d image de la diplomatie moldave ou comment l'ambassade de France \u00e0 Chi\u0219in\u0103u a-t-elle su r\u00e9sister \u00e0 un chantier de construction? - ER News","og_description":"La situation embarrassante autour du si\u00e8ge de l&rsquo;ambassade de France \u00e0 Chi\u0219in\u0103u dure depuis deux ans d\u00e9j\u00e0. D\u00e9s le d\u00e9but de 2014, la mission dimplomatique op\u00e8re aux milieu d&rsquo;un chantier de construction. Aujourd&rsquo;hui, le bloc de logements super luxueux autour de l&rsquo;ambassade de France \u00e0 Chi\u0219in\u0103u est presque pr\u00eat. La construction de ce complexe r\u00e9sidentiel [&hellip;]","og_url":"https:\/\/www.elenarobu.md\/fr\/la-grande-image-de-la-diplomatie-moldave-ou-comment-lambassade-de-france-a-chisinau-a-t-elle-su-resister-a-un-chantier-de-construction\/","og_site_name":"ER News","article_publisher":"https:\/\/www.facebook.com\/elenarobublog\/","article_published_time":"2018-03-15T21:51:29+00:00","article_modified_time":"2020-02-05T09:29:20+00:00","og_image":[{"width":700,"height":525,"url":"https:\/\/www.elenarobu.md\/wp-content\/uploads\/2018\/02\/ambasada-frantei.jpg","type":"image\/jpeg"}],"author":"Elena Robu","twitter_card":"summary_large_image","twitter_misc":{"\u00c9crit par":"Elena Robu","Dur\u00e9e de lecture estim\u00e9e":"2 minutes"},"schema":{"@context":"https:\/\/schema.org","@graph":[{"@type":"Article","@id":"https:\/\/www.elenarobu.md\/fr\/la-grande-image-de-la-diplomatie-moldave-ou-comment-lambassade-de-france-a-chisinau-a-t-elle-su-resister-a-un-chantier-de-construction\/#article","isPartOf":{"@id":"https:\/\/www.elenarobu.md\/fr\/la-grande-image-de-la-diplomatie-moldave-ou-comment-lambassade-de-france-a-chisinau-a-t-elle-su-resister-a-un-chantier-de-construction\/"},"author":{"name":"Elena Robu","@id":"https:\/\/www.elenarobu.md\/#\/schema\/person\/9177a589bcd326ddc335da2e8942e9c4"},"headline":"La \u201dgrande\u201d image de la diplomatie moldave ou comment l&rsquo;ambassade de France \u00e0 Chi\u0219in\u0103u a-t-elle su r\u00e9sister \u00e0 un chantier de construction?","datePublished":"2018-03-15T21:51:29+00:00","dateModified":"2020-02-05T09:29:20+00:00","mainEntityOfPage":{"@id":"https:\/\/www.elenarobu.md\/fr\/la-grande-image-de-la-diplomatie-moldave-ou-comment-lambassade-de-france-a-chisinau-a-t-elle-su-resister-a-un-chantier-de-construction\/"},"wordCount":514,"commentCount":0,"publisher":{"@id":"https:\/\/www.elenarobu.md\/#organization"},"image":{"@id":"https:\/\/www.elenarobu.md\/fr\/la-grande-image-de-la-diplomatie-moldave-ou-comment-lambassade-de-france-a-chisinau-a-t-elle-su-resister-a-un-chantier-de-construction\/#primaryimage"},"thumbnailUrl":"https:\/\/www.elenarobu.md\/wp-content\/uploads\/2018\/02\/ambasada-frantei.jpg","articleSection":["Moldavie","MOLDAVIE - FRANCE"],"inLanguage":"fr-FR","potentialAction":[{"@type":"CommentAction","name":"Comment","target":["https:\/\/www.elenarobu.md\/fr\/la-grande-image-de-la-diplomatie-moldave-ou-comment-lambassade-de-france-a-chisinau-a-t-elle-su-resister-a-un-chantier-de-construction\/#respond"]}]},{"@type":"WebPage","@id":"https:\/\/www.elenarobu.md\/fr\/la-grande-image-de-la-diplomatie-moldave-ou-comment-lambassade-de-france-a-chisinau-a-t-elle-su-resister-a-un-chantier-de-construction\/","url":"https:\/\/www.elenarobu.md\/fr\/la-grande-image-de-la-diplomatie-moldave-ou-comment-lambassade-de-france-a-chisinau-a-t-elle-su-resister-a-un-chantier-de-construction\/","name":"La \u201dgrande\u201d image de la diplomatie moldave ou comment l'ambassade de France \u00e0 Chi\u0219in\u0103u a-t-elle su r\u00e9sister \u00e0 un chantier de construction? - ER News","isPartOf":{"@id":"https:\/\/www.elenarobu.md\/#website"},"primaryImageOfPage":{"@id":"https:\/\/www.elenarobu.md\/fr\/la-grande-image-de-la-diplomatie-moldave-ou-comment-lambassade-de-france-a-chisinau-a-t-elle-su-resister-a-un-chantier-de-construction\/#primaryimage"},"image":{"@id":"https:\/\/www.elenarobu.md\/fr\/la-grande-image-de-la-diplomatie-moldave-ou-comment-lambassade-de-france-a-chisinau-a-t-elle-su-resister-a-un-chantier-de-construction\/#primaryimage"},"thumbnailUrl":"https:\/\/www.elenarobu.md\/wp-content\/uploads\/2018\/02\/ambasada-frantei.jpg","datePublished":"2018-03-15T21:51:29+00:00","dateModified":"2020-02-05T09:29:20+00:00","breadcrumb":{"@id":"https:\/\/www.elenarobu.md\/fr\/la-grande-image-de-la-diplomatie-moldave-ou-comment-lambassade-de-france-a-chisinau-a-t-elle-su-resister-a-un-chantier-de-construction\/#breadcrumb"},"inLanguage":"fr-FR","potentialAction":[{"@type":"ReadAction","target":["https:\/\/www.elenarobu.md\/fr\/la-grande-image-de-la-diplomatie-moldave-ou-comment-lambassade-de-france-a-chisinau-a-t-elle-su-resister-a-un-chantier-de-construction\/"]}]},{"@type":"ImageObject","inLanguage":"fr-FR","@id":"https:\/\/www.elenarobu.md\/fr\/la-grande-image-de-la-diplomatie-moldave-ou-comment-lambassade-de-france-a-chisinau-a-t-elle-su-resister-a-un-chantier-de-construction\/#primaryimage","url":"https:\/\/www.elenarobu.md\/wp-content\/uploads\/2018\/02\/ambasada-frantei.jpg","contentUrl":"https:\/\/www.elenarobu.md\/wp-content\/uploads\/2018\/02\/ambasada-frantei.jpg","width":700,"height":525},{"@type":"BreadcrumbList","@id":"https:\/\/www.elenarobu.md\/fr\/la-grande-image-de-la-diplomatie-moldave-ou-comment-lambassade-de-france-a-chisinau-a-t-elle-su-resister-a-un-chantier-de-construction\/#breadcrumb","itemListElement":[{"@type":"ListItem","position":1,"name":"Prima pagin\u0103","item":"https:\/\/www.elenarobu.md\/fr\/"},{"@type":"ListItem","position":2,"name":"La \u201dgrande\u201d image de la diplomatie moldave ou comment l&rsquo;ambassade de France \u00e0 Chi\u0219in\u0103u a-t-elle su r\u00e9sister \u00e0 un chantier de construction?"}]},{"@type":"WebSite","@id":"https:\/\/www.elenarobu.md\/#website","url":"https:\/\/www.elenarobu.md\/","name":"ER News","description":"Mes Informations L'information est le pouvoir! \r\nVotre pouvoir est votre source!","publisher":{"@id":"https:\/\/www.elenarobu.md\/#organization"},"potentialAction":[{"@type":"SearchAction","target":{"@type":"EntryPoint","urlTemplate":"https:\/\/www.elenarobu.md\/?s={search_term_string}"},"query-input":{"@type":"PropertyValueSpecification","valueRequired":true,"valueName":"search_term_string"}}],"inLanguage":"fr-FR"},{"@type":"Organization","@id":"https:\/\/www.elenarobu.md\/#organization","name":"ER News - Primul Portal de \u015etiri din Diaspora","url":"https:\/\/www.elenarobu.md\/","logo":{"@type":"ImageObject","inLanguage":"fr-FR","@id":"https:\/\/www.elenarobu.md\/#\/schema\/logo\/image\/","url":"https:\/\/www.elenarobu.md\/wp-content\/uploads\/2019\/03\/Favicon-ER-News.png","contentUrl":"https:\/\/www.elenarobu.md\/wp-content\/uploads\/2019\/03\/Favicon-ER-News.png","width":512,"height":512,"caption":"ER News - Primul Portal de \u015etiri din Diaspora"},"image":{"@id":"https:\/\/www.elenarobu.md\/#\/schema\/logo\/image\/"},"sameAs":["https:\/\/www.facebook.com\/elenarobublog\/"]},{"@type":"Person","@id":"https:\/\/www.elenarobu.md\/#\/schema\/person\/9177a589bcd326ddc335da2e8942e9c4","name":"Elena Robu","image":{"@type":"ImageObject","inLanguage":"fr-FR","@id":"https:\/\/secure.gravatar.com\/avatar\/e6b204c39044aff7eeb99445db791730fb5f3a59a85b0eeeb670233e833e5f03?s=96&d=mm&r=g","url":"https:\/\/secure.gravatar.com\/avatar\/e6b204c39044aff7eeb99445db791730fb5f3a59a85b0eeeb670233e833e5f03?s=96&d=mm&r=g","contentUrl":"https:\/\/secure.gravatar.com\/avatar\/e6b204c39044aff7eeb99445db791730fb5f3a59a85b0eeeb670233e833e5f03?s=96&d=mm&r=g","caption":"Elena Robu"}}]}},"_links":{"self":[{"href":"https:\/\/www.elenarobu.md\/fr\/wp-json\/wp\/v2\/posts\/7186","targetHints":{"allow":["GET"]}}],"collection":[{"href":"https:\/\/www.elenarobu.md\/fr\/wp-json\/wp\/v2\/posts"}],"about":[{"href":"https:\/\/www.elenarobu.md\/fr\/wp-json\/wp\/v2\/types\/post"}],"author":[{"embeddable":true,"href":"https:\/\/www.elenarobu.md\/fr\/wp-json\/wp\/v2\/users\/2"}],"replies":[{"embeddable":true,"href":"https:\/\/www.elenarobu.md\/fr\/wp-json\/wp\/v2\/comments?post=7186"}],"version-history":[{"count":1,"href":"https:\/\/www.elenarobu.md\/fr\/wp-json\/wp\/v2\/posts\/7186\/revisions"}],"predecessor-version":[{"id":14769,"href":"https:\/\/www.elenarobu.md\/fr\/wp-json\/wp\/v2\/posts\/7186\/revisions\/14769"}],"wp:featuredmedia":[{"embeddable":true,"href":"https:\/\/www.elenarobu.md\/fr\/wp-json\/wp\/v2\/media\/6874"}],"wp:attachment":[{"href":"https:\/\/www.elenarobu.md\/fr\/wp-json\/wp\/v2\/media?parent=7186"}],"wp:term":[{"taxonomy":"category","embeddable":true,"href":"https:\/\/www.elenarobu.md\/fr\/wp-json\/wp\/v2\/categories?post=7186"},{"taxonomy":"post_tag","embeddable":true,"href":"https:\/\/www.elenarobu.md\/fr\/wp-json\/wp\/v2\/tags?post=7186"}],"curies":[{"name":"wp","href":"https:\/\/api.w.org\/{rel}","templated":true}]}}