{"id":7272,"date":"2018-03-19T20:45:21","date_gmt":"2018-03-19T18:45:21","guid":{"rendered":"https:\/\/elenarobu.md\/?p=7272"},"modified":"2020-02-05T11:29:10","modified_gmt":"2020-02-05T09:29:10","slug":"la-journee-internationale-de-la-francophonie-en-republique-de-moldavie","status":"publish","type":"post","link":"https:\/\/www.elenarobu.md\/fr\/la-journee-internationale-de-la-francophonie-en-republique-de-moldavie\/","title":{"rendered":"La Journ\u00e9e Internationale de la Francophonie en R\u00e9publique de Moldavie"},"content":{"rendered":"<p>Comme chaque ann\u00e9e, la R\u00e9publique de Moldavie est \u00e0 c\u00f4t\u00e9 des pays francophones pour c\u00e9l\u00e9brer, au mois de mars, la Journ\u00e9e Internationale de la Francophonie (le 20 mars). Pour inaugurer la s\u00e9rie d\u2019\u00e9v\u00e9nements organis\u00e9s dans ce contexte, l\u2019Ambassade de France en R\u00e9publique de Moldavie, l\u2019Agence universitaire de la Francophonie et l\u2019Alliance Fran\u00e7aise de Moldavie ont organis\u00e9 une conf\u00e9rence de presse commune.<\/p>\n<p>Dans le cadre de cette conf\u00e9rence, Son Excellence Monsieur Pascal Le Deunff, Ambassadeur de France en R\u00e9publique de Moldavie, accompagn\u00e9 par les repr\u00e9sentants de l\u2019Alliance Fran\u00e7aise de Moldavie (AFM) et de l\u2019Agence universitaire de la Francophonie (AUF), a annonc\u00e9 les principaux \u00e9v\u00e8nements d\u00e9roul\u00e9s dans le pays \u00e0 cette occasion.<\/p>\n<p>Le public pourra participer \u00e0 divers \u00e9v\u00e9nements, parmi lesquels des concours, des soir\u00e9es cin\u00e9ma, des soir\u00e9es gastronomiques, s\u00e9minaires et ateliers, cens\u00e9s \u00e0 d\u00e9velopper, chez le public de la R\u00e9publique de Moldavie, les valences des cultures et civilisations fran\u00e7aises et francophones.<\/p>\n<p>Parmi ces \u00e9v\u00e9nements, on peut citer :<br \/>\n&#8211; La 17e \u00e9dition du Festival du Film Francophone, organis\u00e9 par l\u2019AFM, qui se d\u00e9roulera dans la p\u00e9riode 19-25 mars au Centre Culturel Odeon et qui d\u00e9butera lundi, le 19 mars, \u00e0 18.00, par la projection du film \u00ab Dalida \u00bb. Au cours d\u2019une semaine, plus de 11 films seront projet\u00e9s.<br \/>\n&#8211; Mardi, le 20\/03 : le lancement de la revue \u00ab l\u2019Ann\u00e9e Francophone Internationale 2017\/2018 \u00bb publi\u00e9e par Agora francophone, qui aura lieu \u00e0 la Biblioth\u00e8que Nationale de Moldavie, \u00e0 15.00.<br \/>\n&#8211; Mercredi, le 21\/03 : le projet \u00ab Go\u00fbt de France \u00bb se d\u00e9roulera dans les restaurants Jeraffe et Osho bar&amp;kitchen \u00e0 partir de 19.00. Deux menus inspir\u00e9s par la gastronomie fran\u00e7aise seront propos\u00e9s au public.<br \/>\n&#8211; Jeudi, le 22\/03 : L\u2019atelier \u00ab Les nouvelles technologies et la dynamique du march\u00e9 de travail \u00bb organis\u00e9 par l\u2019Agence universitaire de la Francophonie \u00e0 partir de 15.00 dans la Salle du S\u00e9nat de l\u2019ULIM (52, rue Vlaicu P\u00e2rc\u0103lab) ;<br \/>\n&#8211; Vendredi, le 23\/03 : La visite de Son Excellence Monsieur Pascal Le Deunff, Ambassadeur de France en R\u00e9publique de Moldavie et de Madame Monica Babuc, Ministre de l\u2019Education, de la Culture et de la Recherche de la R\u00e9publique de Moldavie, aux lyc\u00e9es bilingues \u00ab Ion Luca Caragiale \u00bb de la ville Orhei et \u00ab Gheorghe Asachi \u00bb de Chi\u0219in\u0103u, o\u00f9 ils vont rencontrer des professeurs et des \u00e9l\u00e8ves ;<br \/>\n&#8211; Mardi, le 27\/03 : La C\u00e9r\u00e9monie de remise des prix de la Francophonie organis\u00e9e par l\u2019Agence universitaire de la Francophonie, en collaboration avec l\u2019Ambassade de France de la R\u00e9publique de Moldavie et l\u2019Alliance Fran\u00e7aise de Moldavie, avec l\u2019appui de l\u2019Ambassade de Roumanie \u00e0 Chisinau, de l\u2019Ambassade de Pologne \u00e0 Chisinau, de la D\u00e9l\u00e9gation Wallonie-Bruxelles International et de nombreuses entreprises francophones. L\u2019\u00e9v\u00e9nement se d\u00e9roulera au cin\u00e9ma Odeon \u00e0 partir de 17.00, en pr\u00e9sence de Madame Monica Babuc, Ministre de l\u2019Education, de la Culture et de la Recherche de la R\u00e9publique de Moldavie, sous le haut patronage de ce Minist\u00e8re. Les prix vont r\u00e9compenser les participants inscrits \u00e0 deux concours nationaux, un concours de carte postale et un autre de clip vid\u00e9o, qui ont eu lieu au cours du mois de mars, ayan comme sujet \u00ab Vivre ensemble \u00bb.<\/p>\n<p>Outre les \u00e9v\u00e9nements mentionn\u00e9s ci-dessus, une multitude d\u2019\u00e9v\u00e9nements seront organis\u00e9s dans cette p\u00e9riode dans les \u00e9coles, les lyc\u00e9es, les universit\u00e9s de la R\u00e9publique de Moldavie. Ces \u00e9v\u00e8nements repr\u00e9sentent, pour les \u00e9l\u00e8ves, les professeurs et les \u00e9tudiants, l\u2019occasion de pratiquer la langue fran\u00e7aise, mais aussi l\u2019opportunit\u00e9 de c\u00e9l\u00e9brer les valeurs francophones qui les r\u00e9unissent, parmi lesquelles le respect pour la diversit\u00e9 et l\u2019importance du plurilinguisme.<\/p>\n","protected":false},"excerpt":{"rendered":"<p>Comme chaque ann\u00e9e, la R\u00e9publique de Moldavie est \u00e0 c\u00f4t\u00e9 des pays francophones pour c\u00e9l\u00e9brer, au mois de mars, la Journ\u00e9e Internationale de la Francophonie (le 20 mars). Pour inaugurer la s\u00e9rie d\u2019\u00e9v\u00e9nements organis\u00e9s dans ce contexte, l\u2019Ambassade de France en R\u00e9publique de Moldavie, l\u2019Agence universitaire de la Francophonie et l\u2019Alliance Fran\u00e7aise de Moldavie ont [&hellip;]<\/p>\n","protected":false},"author":2,"featured_media":7273,"comment_status":"open","ping_status":"open","sticky":false,"template":"","format":"standard","meta":{"footnotes":""},"categories":[4589,1245],"tags":[1419,1420],"class_list":["post-7272","post","type-post","status-publish","format-standard","has-post-thumbnail","hentry","category-moldavie","category-moldavie-france","tag-francofonie","tag-moldavie"],"yoast_head":"<!-- This site is optimized with the Yoast SEO plugin v27.4 - https:\/\/yoast.com\/product\/yoast-seo-wordpress\/ -->\n<title>La Journ\u00e9e Internationale de la Francophonie en R\u00e9publique de Moldavie - ER News<\/title>\n<meta name=\"robots\" content=\"index, follow, max-snippet:-1, max-image-preview:large, max-video-preview:-1\" \/>\n<link rel=\"canonical\" href=\"https:\/\/www.elenarobu.md\/fr\/la-journee-internationale-de-la-francophonie-en-republique-de-moldavie\/\" \/>\n<meta property=\"og:locale\" content=\"fr_FR\" \/>\n<meta property=\"og:type\" content=\"article\" \/>\n<meta property=\"og:title\" content=\"La Journ\u00e9e Internationale de la Francophonie en R\u00e9publique de Moldavie - ER News\" \/>\n<meta property=\"og:description\" content=\"Comme chaque ann\u00e9e, la R\u00e9publique de Moldavie est \u00e0 c\u00f4t\u00e9 des pays francophones pour c\u00e9l\u00e9brer, au mois de mars, la Journ\u00e9e Internationale de la Francophonie (le 20 mars). Pour inaugurer la s\u00e9rie d\u2019\u00e9v\u00e9nements organis\u00e9s dans ce contexte, l\u2019Ambassade de France en R\u00e9publique de Moldavie, l\u2019Agence universitaire de la Francophonie et l\u2019Alliance Fran\u00e7aise de Moldavie ont [&hellip;]\" \/>\n<meta property=\"og:url\" content=\"https:\/\/www.elenarobu.md\/fr\/la-journee-internationale-de-la-francophonie-en-republique-de-moldavie\/\" \/>\n<meta property=\"og:site_name\" content=\"ER News\" \/>\n<meta property=\"article:publisher\" content=\"https:\/\/www.facebook.com\/elenarobublog\/\" \/>\n<meta property=\"article:published_time\" content=\"2018-03-19T18:45:21+00:00\" \/>\n<meta property=\"article:modified_time\" content=\"2020-02-05T09:29:10+00:00\" \/>\n<meta property=\"og:image\" content=\"https:\/\/www.elenarobu.md\/wp-content\/uploads\/2018\/03\/logo-francophonie_2018-crop.png\" \/>\n\t<meta property=\"og:image:width\" content=\"1482\" \/>\n\t<meta property=\"og:image:height\" content=\"746\" \/>\n\t<meta property=\"og:image:type\" content=\"image\/png\" \/>\n<meta name=\"author\" content=\"Elena Robu\" \/>\n<meta name=\"twitter:card\" content=\"summary_large_image\" \/>\n<meta name=\"twitter:label1\" content=\"\u00c9crit par\" \/>\n\t<meta name=\"twitter:data1\" content=\"Elena Robu\" \/>\n\t<meta name=\"twitter:label2\" content=\"Dur\u00e9e de lecture estim\u00e9e\" \/>\n\t<meta name=\"twitter:data2\" content=\"3 minutes\" \/>\n<script type=\"application\/ld+json\" class=\"yoast-schema-graph\">{\"@context\":\"https:\\\/\\\/schema.org\",\"@graph\":[{\"@type\":\"Article\",\"@id\":\"https:\\\/\\\/www.elenarobu.md\\\/fr\\\/la-journee-internationale-de-la-francophonie-en-republique-de-moldavie\\\/#article\",\"isPartOf\":{\"@id\":\"https:\\\/\\\/www.elenarobu.md\\\/fr\\\/la-journee-internationale-de-la-francophonie-en-republique-de-moldavie\\\/\"},\"author\":{\"name\":\"Elena Robu\",\"@id\":\"https:\\\/\\\/www.elenarobu.md\\\/#\\\/schema\\\/person\\\/9177a589bcd326ddc335da2e8942e9c4\"},\"headline\":\"La Journ\u00e9e Internationale de la Francophonie en R\u00e9publique de Moldavie\",\"datePublished\":\"2018-03-19T18:45:21+00:00\",\"dateModified\":\"2020-02-05T09:29:10+00:00\",\"mainEntityOfPage\":{\"@id\":\"https:\\\/\\\/www.elenarobu.md\\\/fr\\\/la-journee-internationale-de-la-francophonie-en-republique-de-moldavie\\\/\"},\"wordCount\":657,\"commentCount\":0,\"publisher\":{\"@id\":\"https:\\\/\\\/www.elenarobu.md\\\/#organization\"},\"image\":{\"@id\":\"https:\\\/\\\/www.elenarobu.md\\\/fr\\\/la-journee-internationale-de-la-francophonie-en-republique-de-moldavie\\\/#primaryimage\"},\"thumbnailUrl\":\"https:\\\/\\\/www.elenarobu.md\\\/wp-content\\\/uploads\\\/2018\\\/03\\\/logo-francophonie_2018-crop.png\",\"keywords\":[\"francofonie\",\"Moldavie\"],\"articleSection\":[\"Moldavie\",\"MOLDAVIE - FRANCE\"],\"inLanguage\":\"fr-FR\",\"potentialAction\":[{\"@type\":\"CommentAction\",\"name\":\"Comment\",\"target\":[\"https:\\\/\\\/www.elenarobu.md\\\/fr\\\/la-journee-internationale-de-la-francophonie-en-republique-de-moldavie\\\/#respond\"]}]},{\"@type\":\"WebPage\",\"@id\":\"https:\\\/\\\/www.elenarobu.md\\\/fr\\\/la-journee-internationale-de-la-francophonie-en-republique-de-moldavie\\\/\",\"url\":\"https:\\\/\\\/www.elenarobu.md\\\/fr\\\/la-journee-internationale-de-la-francophonie-en-republique-de-moldavie\\\/\",\"name\":\"La Journ\u00e9e Internationale de la Francophonie en R\u00e9publique de Moldavie - ER News\",\"isPartOf\":{\"@id\":\"https:\\\/\\\/www.elenarobu.md\\\/#website\"},\"primaryImageOfPage\":{\"@id\":\"https:\\\/\\\/www.elenarobu.md\\\/fr\\\/la-journee-internationale-de-la-francophonie-en-republique-de-moldavie\\\/#primaryimage\"},\"image\":{\"@id\":\"https:\\\/\\\/www.elenarobu.md\\\/fr\\\/la-journee-internationale-de-la-francophonie-en-republique-de-moldavie\\\/#primaryimage\"},\"thumbnailUrl\":\"https:\\\/\\\/www.elenarobu.md\\\/wp-content\\\/uploads\\\/2018\\\/03\\\/logo-francophonie_2018-crop.png\",\"datePublished\":\"2018-03-19T18:45:21+00:00\",\"dateModified\":\"2020-02-05T09:29:10+00:00\",\"breadcrumb\":{\"@id\":\"https:\\\/\\\/www.elenarobu.md\\\/fr\\\/la-journee-internationale-de-la-francophonie-en-republique-de-moldavie\\\/#breadcrumb\"},\"inLanguage\":\"fr-FR\",\"potentialAction\":[{\"@type\":\"ReadAction\",\"target\":[\"https:\\\/\\\/www.elenarobu.md\\\/fr\\\/la-journee-internationale-de-la-francophonie-en-republique-de-moldavie\\\/\"]}]},{\"@type\":\"ImageObject\",\"inLanguage\":\"fr-FR\",\"@id\":\"https:\\\/\\\/www.elenarobu.md\\\/fr\\\/la-journee-internationale-de-la-francophonie-en-republique-de-moldavie\\\/#primaryimage\",\"url\":\"https:\\\/\\\/www.elenarobu.md\\\/wp-content\\\/uploads\\\/2018\\\/03\\\/logo-francophonie_2018-crop.png\",\"contentUrl\":\"https:\\\/\\\/www.elenarobu.md\\\/wp-content\\\/uploads\\\/2018\\\/03\\\/logo-francophonie_2018-crop.png\",\"width\":1482,\"height\":746},{\"@type\":\"BreadcrumbList\",\"@id\":\"https:\\\/\\\/www.elenarobu.md\\\/fr\\\/la-journee-internationale-de-la-francophonie-en-republique-de-moldavie\\\/#breadcrumb\",\"itemListElement\":[{\"@type\":\"ListItem\",\"position\":1,\"name\":\"Prima pagin\u0103\",\"item\":\"https:\\\/\\\/www.elenarobu.md\\\/fr\\\/\"},{\"@type\":\"ListItem\",\"position\":2,\"name\":\"La Journ\u00e9e Internationale de la Francophonie en R\u00e9publique de Moldavie\"}]},{\"@type\":\"WebSite\",\"@id\":\"https:\\\/\\\/www.elenarobu.md\\\/#website\",\"url\":\"https:\\\/\\\/www.elenarobu.md\\\/\",\"name\":\"ER News\",\"description\":\"Mes Informations L'information est le pouvoir! \\r\\nVotre pouvoir est votre source!\",\"publisher\":{\"@id\":\"https:\\\/\\\/www.elenarobu.md\\\/#organization\"},\"potentialAction\":[{\"@type\":\"SearchAction\",\"target\":{\"@type\":\"EntryPoint\",\"urlTemplate\":\"https:\\\/\\\/www.elenarobu.md\\\/?s={search_term_string}\"},\"query-input\":{\"@type\":\"PropertyValueSpecification\",\"valueRequired\":true,\"valueName\":\"search_term_string\"}}],\"inLanguage\":\"fr-FR\"},{\"@type\":\"Organization\",\"@id\":\"https:\\\/\\\/www.elenarobu.md\\\/#organization\",\"name\":\"ER News - Primul Portal de \u015etiri din Diaspora\",\"url\":\"https:\\\/\\\/www.elenarobu.md\\\/\",\"logo\":{\"@type\":\"ImageObject\",\"inLanguage\":\"fr-FR\",\"@id\":\"https:\\\/\\\/www.elenarobu.md\\\/#\\\/schema\\\/logo\\\/image\\\/\",\"url\":\"https:\\\/\\\/www.elenarobu.md\\\/wp-content\\\/uploads\\\/2019\\\/03\\\/Favicon-ER-News.png\",\"contentUrl\":\"https:\\\/\\\/www.elenarobu.md\\\/wp-content\\\/uploads\\\/2019\\\/03\\\/Favicon-ER-News.png\",\"width\":512,\"height\":512,\"caption\":\"ER News - Primul Portal de \u015etiri din Diaspora\"},\"image\":{\"@id\":\"https:\\\/\\\/www.elenarobu.md\\\/#\\\/schema\\\/logo\\\/image\\\/\"},\"sameAs\":[\"https:\\\/\\\/www.facebook.com\\\/elenarobublog\\\/\"]},{\"@type\":\"Person\",\"@id\":\"https:\\\/\\\/www.elenarobu.md\\\/#\\\/schema\\\/person\\\/9177a589bcd326ddc335da2e8942e9c4\",\"name\":\"Elena Robu\",\"image\":{\"@type\":\"ImageObject\",\"inLanguage\":\"fr-FR\",\"@id\":\"https:\\\/\\\/secure.gravatar.com\\\/avatar\\\/e6b204c39044aff7eeb99445db791730fb5f3a59a85b0eeeb670233e833e5f03?s=96&d=mm&r=g\",\"url\":\"https:\\\/\\\/secure.gravatar.com\\\/avatar\\\/e6b204c39044aff7eeb99445db791730fb5f3a59a85b0eeeb670233e833e5f03?s=96&d=mm&r=g\",\"contentUrl\":\"https:\\\/\\\/secure.gravatar.com\\\/avatar\\\/e6b204c39044aff7eeb99445db791730fb5f3a59a85b0eeeb670233e833e5f03?s=96&d=mm&r=g\",\"caption\":\"Elena Robu\"}}]}<\/script>\n<!-- \/ Yoast SEO plugin. -->","yoast_head_json":{"title":"La Journ\u00e9e Internationale de la Francophonie en R\u00e9publique de Moldavie - ER News","robots":{"index":"index","follow":"follow","max-snippet":"max-snippet:-1","max-image-preview":"max-image-preview:large","max-video-preview":"max-video-preview:-1"},"canonical":"https:\/\/www.elenarobu.md\/fr\/la-journee-internationale-de-la-francophonie-en-republique-de-moldavie\/","og_locale":"fr_FR","og_type":"article","og_title":"La Journ\u00e9e Internationale de la Francophonie en R\u00e9publique de Moldavie - ER News","og_description":"Comme chaque ann\u00e9e, la R\u00e9publique de Moldavie est \u00e0 c\u00f4t\u00e9 des pays francophones pour c\u00e9l\u00e9brer, au mois de mars, la Journ\u00e9e Internationale de la Francophonie (le 20 mars). Pour inaugurer la s\u00e9rie d\u2019\u00e9v\u00e9nements organis\u00e9s dans ce contexte, l\u2019Ambassade de France en R\u00e9publique de Moldavie, l\u2019Agence universitaire de la Francophonie et l\u2019Alliance Fran\u00e7aise de Moldavie ont [&hellip;]","og_url":"https:\/\/www.elenarobu.md\/fr\/la-journee-internationale-de-la-francophonie-en-republique-de-moldavie\/","og_site_name":"ER News","article_publisher":"https:\/\/www.facebook.com\/elenarobublog\/","article_published_time":"2018-03-19T18:45:21+00:00","article_modified_time":"2020-02-05T09:29:10+00:00","og_image":[{"width":1482,"height":746,"url":"https:\/\/www.elenarobu.md\/wp-content\/uploads\/2018\/03\/logo-francophonie_2018-crop.png","type":"image\/png"}],"author":"Elena Robu","twitter_card":"summary_large_image","twitter_misc":{"\u00c9crit par":"Elena Robu","Dur\u00e9e de lecture estim\u00e9e":"3 minutes"},"schema":{"@context":"https:\/\/schema.org","@graph":[{"@type":"Article","@id":"https:\/\/www.elenarobu.md\/fr\/la-journee-internationale-de-la-francophonie-en-republique-de-moldavie\/#article","isPartOf":{"@id":"https:\/\/www.elenarobu.md\/fr\/la-journee-internationale-de-la-francophonie-en-republique-de-moldavie\/"},"author":{"name":"Elena Robu","@id":"https:\/\/www.elenarobu.md\/#\/schema\/person\/9177a589bcd326ddc335da2e8942e9c4"},"headline":"La Journ\u00e9e Internationale de la Francophonie en R\u00e9publique de Moldavie","datePublished":"2018-03-19T18:45:21+00:00","dateModified":"2020-02-05T09:29:10+00:00","mainEntityOfPage":{"@id":"https:\/\/www.elenarobu.md\/fr\/la-journee-internationale-de-la-francophonie-en-republique-de-moldavie\/"},"wordCount":657,"commentCount":0,"publisher":{"@id":"https:\/\/www.elenarobu.md\/#organization"},"image":{"@id":"https:\/\/www.elenarobu.md\/fr\/la-journee-internationale-de-la-francophonie-en-republique-de-moldavie\/#primaryimage"},"thumbnailUrl":"https:\/\/www.elenarobu.md\/wp-content\/uploads\/2018\/03\/logo-francophonie_2018-crop.png","keywords":["francofonie","Moldavie"],"articleSection":["Moldavie","MOLDAVIE - FRANCE"],"inLanguage":"fr-FR","potentialAction":[{"@type":"CommentAction","name":"Comment","target":["https:\/\/www.elenarobu.md\/fr\/la-journee-internationale-de-la-francophonie-en-republique-de-moldavie\/#respond"]}]},{"@type":"WebPage","@id":"https:\/\/www.elenarobu.md\/fr\/la-journee-internationale-de-la-francophonie-en-republique-de-moldavie\/","url":"https:\/\/www.elenarobu.md\/fr\/la-journee-internationale-de-la-francophonie-en-republique-de-moldavie\/","name":"La Journ\u00e9e Internationale de la Francophonie en R\u00e9publique de Moldavie - ER News","isPartOf":{"@id":"https:\/\/www.elenarobu.md\/#website"},"primaryImageOfPage":{"@id":"https:\/\/www.elenarobu.md\/fr\/la-journee-internationale-de-la-francophonie-en-republique-de-moldavie\/#primaryimage"},"image":{"@id":"https:\/\/www.elenarobu.md\/fr\/la-journee-internationale-de-la-francophonie-en-republique-de-moldavie\/#primaryimage"},"thumbnailUrl":"https:\/\/www.elenarobu.md\/wp-content\/uploads\/2018\/03\/logo-francophonie_2018-crop.png","datePublished":"2018-03-19T18:45:21+00:00","dateModified":"2020-02-05T09:29:10+00:00","breadcrumb":{"@id":"https:\/\/www.elenarobu.md\/fr\/la-journee-internationale-de-la-francophonie-en-republique-de-moldavie\/#breadcrumb"},"inLanguage":"fr-FR","potentialAction":[{"@type":"ReadAction","target":["https:\/\/www.elenarobu.md\/fr\/la-journee-internationale-de-la-francophonie-en-republique-de-moldavie\/"]}]},{"@type":"ImageObject","inLanguage":"fr-FR","@id":"https:\/\/www.elenarobu.md\/fr\/la-journee-internationale-de-la-francophonie-en-republique-de-moldavie\/#primaryimage","url":"https:\/\/www.elenarobu.md\/wp-content\/uploads\/2018\/03\/logo-francophonie_2018-crop.png","contentUrl":"https:\/\/www.elenarobu.md\/wp-content\/uploads\/2018\/03\/logo-francophonie_2018-crop.png","width":1482,"height":746},{"@type":"BreadcrumbList","@id":"https:\/\/www.elenarobu.md\/fr\/la-journee-internationale-de-la-francophonie-en-republique-de-moldavie\/#breadcrumb","itemListElement":[{"@type":"ListItem","position":1,"name":"Prima pagin\u0103","item":"https:\/\/www.elenarobu.md\/fr\/"},{"@type":"ListItem","position":2,"name":"La Journ\u00e9e Internationale de la Francophonie en R\u00e9publique de Moldavie"}]},{"@type":"WebSite","@id":"https:\/\/www.elenarobu.md\/#website","url":"https:\/\/www.elenarobu.md\/","name":"ER News","description":"Mes Informations L'information est le pouvoir! \r\nVotre pouvoir est votre source!","publisher":{"@id":"https:\/\/www.elenarobu.md\/#organization"},"potentialAction":[{"@type":"SearchAction","target":{"@type":"EntryPoint","urlTemplate":"https:\/\/www.elenarobu.md\/?s={search_term_string}"},"query-input":{"@type":"PropertyValueSpecification","valueRequired":true,"valueName":"search_term_string"}}],"inLanguage":"fr-FR"},{"@type":"Organization","@id":"https:\/\/www.elenarobu.md\/#organization","name":"ER News - Primul Portal de \u015etiri din Diaspora","url":"https:\/\/www.elenarobu.md\/","logo":{"@type":"ImageObject","inLanguage":"fr-FR","@id":"https:\/\/www.elenarobu.md\/#\/schema\/logo\/image\/","url":"https:\/\/www.elenarobu.md\/wp-content\/uploads\/2019\/03\/Favicon-ER-News.png","contentUrl":"https:\/\/www.elenarobu.md\/wp-content\/uploads\/2019\/03\/Favicon-ER-News.png","width":512,"height":512,"caption":"ER News - Primul Portal de \u015etiri din Diaspora"},"image":{"@id":"https:\/\/www.elenarobu.md\/#\/schema\/logo\/image\/"},"sameAs":["https:\/\/www.facebook.com\/elenarobublog\/"]},{"@type":"Person","@id":"https:\/\/www.elenarobu.md\/#\/schema\/person\/9177a589bcd326ddc335da2e8942e9c4","name":"Elena Robu","image":{"@type":"ImageObject","inLanguage":"fr-FR","@id":"https:\/\/secure.gravatar.com\/avatar\/e6b204c39044aff7eeb99445db791730fb5f3a59a85b0eeeb670233e833e5f03?s=96&d=mm&r=g","url":"https:\/\/secure.gravatar.com\/avatar\/e6b204c39044aff7eeb99445db791730fb5f3a59a85b0eeeb670233e833e5f03?s=96&d=mm&r=g","contentUrl":"https:\/\/secure.gravatar.com\/avatar\/e6b204c39044aff7eeb99445db791730fb5f3a59a85b0eeeb670233e833e5f03?s=96&d=mm&r=g","caption":"Elena Robu"}}]}},"_links":{"self":[{"href":"https:\/\/www.elenarobu.md\/fr\/wp-json\/wp\/v2\/posts\/7272","targetHints":{"allow":["GET"]}}],"collection":[{"href":"https:\/\/www.elenarobu.md\/fr\/wp-json\/wp\/v2\/posts"}],"about":[{"href":"https:\/\/www.elenarobu.md\/fr\/wp-json\/wp\/v2\/types\/post"}],"author":[{"embeddable":true,"href":"https:\/\/www.elenarobu.md\/fr\/wp-json\/wp\/v2\/users\/2"}],"replies":[{"embeddable":true,"href":"https:\/\/www.elenarobu.md\/fr\/wp-json\/wp\/v2\/comments?post=7272"}],"version-history":[{"count":1,"href":"https:\/\/www.elenarobu.md\/fr\/wp-json\/wp\/v2\/posts\/7272\/revisions"}],"predecessor-version":[{"id":14770,"href":"https:\/\/www.elenarobu.md\/fr\/wp-json\/wp\/v2\/posts\/7272\/revisions\/14770"}],"wp:featuredmedia":[{"embeddable":true,"href":"https:\/\/www.elenarobu.md\/fr\/wp-json\/wp\/v2\/media\/7273"}],"wp:attachment":[{"href":"https:\/\/www.elenarobu.md\/fr\/wp-json\/wp\/v2\/media?parent=7272"}],"wp:term":[{"taxonomy":"category","embeddable":true,"href":"https:\/\/www.elenarobu.md\/fr\/wp-json\/wp\/v2\/categories?post=7272"},{"taxonomy":"post_tag","embeddable":true,"href":"https:\/\/www.elenarobu.md\/fr\/wp-json\/wp\/v2\/tags?post=7272"}],"curies":[{"name":"wp","href":"https:\/\/api.w.org\/{rel}","templated":true}]}}